{"id":237352,"date":"2022-11-07T15:07:50","date_gmt":"2022-11-07T21:07:50","guid":{"rendered":"https:\/\/plazajuarez.mx\/?p=237352"},"modified":"2022-11-07T15:09:44","modified_gmt":"2022-11-07T21:09:44","slug":"pide_pri","status":"publish","type":"post","link":"https:\/\/plazajuarez.mx\/historico\/pide_pri\/","title":{"rendered":"Pide GLPRI inclusi\u00f3n social para deportistas con discapacidad."},"content":{"rendered":"\n<p>El grupo legislativo del PRI en el congreso del estado present\u00f3 una iniciativa que reforma la Ley de Cultura F\u00edsica, Deporte y Recreaci\u00f3n del estado de Hidalgo en materia de no discriminaci\u00f3n.<\/p>\n\n\n\n<p>La diputada Michelle Calder\u00f3n inform\u00f3 ante el pleno que el objetivo de su propuesta es , \u201cproteger y&nbsp;reconocer&nbsp;el derecho de todos los seres humanos a ser iguales en dignidad, a ser tratados con respeto y consideraci\u00f3n y a participar sobre bases iguales en cualquier \u00e1rea de la vida\u201d.<\/p>\n\n\n\n<p>De esta&nbsp;manera, detall\u00f3 , \u201cse pretende&nbsp;fomentar la inclusi\u00f3n social y deber\u00e1n establecer el dise\u00f1o&nbsp;de la no discriminaci\u00f3n&nbsp;de&nbsp;los deportistas&nbsp;con discapacidad, en t\u00e9rminos de la legislaci\u00f3n aplicable\u201d.<\/p>\n\n\n\n<p>Calder\u00f3n Ram\u00edrez inform\u00f3 que \u201clas y los atletas y deportistas con discapacidad necesitan, en comparaci\u00f3n, m\u00e1s logros y mejores marcas para disfrutar de becas y dotaciones econ\u00f3micas, por ello, los deportistas profesionales paral\u00edmpicos, en la mayor\u00eda de los casos, deben buscar otros empleos o fuentes de financiamiento\u201d.<\/p>\n\n\n\n<p>Por tal motivo,&nbsp;precis\u00f3, es necesario brindar las herramientas y el acompa\u00f1amiento necesario a las personas que administran, gestionan y brindan servicios deportivos p\u00fablicos y privados, as\u00ed como a docentes y personal educativo, que son los que m\u00e1s impactan en las generaciones m\u00e1s j\u00f3venes.<\/p>\n\n\n\n<p>En el estado de Hidalgo, destac\u00f3 Calder\u00f3n Ram\u00edrez, \u201cexiste una poblaci\u00f3n importante de&nbsp;deportistas&nbsp;con discapacidad que viven en situaci\u00f3n de exclusi\u00f3n social\u201d.&nbsp;<\/p>\n\n\n\n<p>\u201cSe busca propiciar&nbsp;la igualdad de oportunidades garantizando y&nbsp;promoviendo&nbsp;el derecho de las personas con discapacidad\u201d.<\/p>\n\n\n\n<p>Finalmente, la diputada priista explic\u00f3 que esta reforma propiciar\u00e1 la inclusi\u00f3n&nbsp;y el pleno desarrollo integral&nbsp;de&nbsp;los deportistas&nbsp;con discapacidad tienen derecho a la igualdad sustantiva y&nbsp;la no discriminci\u00f3n, concluy\u00f3.&nbsp;<\/p>\n","protected":false},"excerpt":{"rendered":"<p>El grupo legislativo del PRI en el congreso del estado present\u00f3 una iniciativa que reforma la Ley de Cultura F\u00edsica, Deporte y Recreaci\u00f3n del estado de Hidalgo en materia de no discriminaci\u00f3n. La diputada Michelle Calder\u00f3n inform\u00f3 ante el pleno que el objetivo de su propuesta es , \u201cproteger y&nbsp;reconocer&nbsp;el derecho de todos los seres [&hellip;]<\/p>\n","protected":false},"author":93,"featured_media":237353,"comment_status":"closed","ping_status":"closed","sticky":false,"template":"","format":"standard","meta":{"footnotes":""},"categories":[15,59,2159],"tags":[],"class_list":["post-237352","post","type-post","status-publish","format-standard","has-post-thumbnail","hentry","category-destacadas","category-general","category-noticias-de-hidalgo"],"_links":{"self":[{"href":"https:\/\/plazajuarez.mx\/historico\/wp-json\/wp\/v2\/posts\/237352","targetHints":{"allow":["GET"]}}],"collection":[{"href":"https:\/\/plazajuarez.mx\/historico\/wp-json\/wp\/v2\/posts"}],"about":[{"href":"https:\/\/plazajuarez.mx\/historico\/wp-json\/wp\/v2\/types\/post"}],"author":[{"embeddable":true,"href":"https:\/\/plazajuarez.mx\/historico\/wp-json\/wp\/v2\/users\/93"}],"replies":[{"embeddable":true,"href":"https:\/\/plazajuarez.mx\/historico\/wp-json\/wp\/v2\/comments?post=237352"}],"version-history":[{"count":0,"href":"https:\/\/plazajuarez.mx\/historico\/wp-json\/wp\/v2\/posts\/237352\/revisions"}],"wp:featuredmedia":[{"embeddable":true,"href":"https:\/\/plazajuarez.mx\/historico\/wp-json\/wp\/v2\/media\/237353"}],"wp:attachment":[{"href":"https:\/\/plazajuarez.mx\/historico\/wp-json\/wp\/v2\/media?parent=237352"}],"wp:term":[{"taxonomy":"category","embeddable":true,"href":"https:\/\/plazajuarez.mx\/historico\/wp-json\/wp\/v2\/categories?post=237352"},{"taxonomy":"post_tag","embeddable":true,"href":"https:\/\/plazajuarez.mx\/historico\/wp-json\/wp\/v2\/tags?post=237352"}],"curies":[{"name":"wp","href":"https:\/\/api.w.org\/{rel}","templated":true}]}}