{"id":237343,"date":"2022-11-07T14:53:51","date_gmt":"2022-11-07T20:53:51","guid":{"rendered":"https:\/\/plazajuarez.mx\/?p=237343"},"modified":"2022-11-07T14:53:58","modified_gmt":"2022-11-07T20:53:58","slug":"lidia_gabriela","status":"publish","type":"post","link":"https:\/\/plazajuarez.mx\/historico\/lidia_gabriela\/","title":{"rendered":"&#8220;Detenido no es qui\u00e9n conduc\u00eda taxi en caso Lidia Gabriela&#8221;"},"content":{"rendered":"\n<p> El secretario de Seguridad Ciudadana, Omar Garc\u00eda Harfuch, inform\u00f3 que la persona detenida el fin de semana por el caso de la muerte de Lidia Gabriela no es quien conduc\u00eda el taxi del que se lanz\u00f3 por temor a ser secuestrada.<\/p>\n\n\n\n<p>A trav\u00e9s de su cuenta de twitter, indic\u00f3 que con base en las im\u00e1genes del C5 se confirm\u00f3 que el taxi asegurado si fue el que particip\u00f3 en el feminicidio.<\/p>\n\n\n\n<p>&#8220;Sin embargo, la persona detenida por denuncias ciudadanas. No es quien en ese momento iba conduciendo el taxi. Faltan personas por detener. Informaremos m\u00e1s adelante&#8221;.<\/p>\n","protected":false},"excerpt":{"rendered":"<p>El secretario de Seguridad Ciudadana, Omar Garc\u00eda Harfuch, inform\u00f3 que la persona detenida el fin de semana por el caso de la muerte de Lidia Gabriela no es quien conduc\u00eda el taxi del que se lanz\u00f3 por temor a ser secuestrada. A trav\u00e9s de su cuenta de twitter, indic\u00f3 que con base en las im\u00e1genes [&hellip;]<\/p>\n","protected":false},"author":81,"featured_media":237344,"comment_status":"closed","ping_status":"closed","sticky":false,"template":"","format":"standard","meta":{"footnotes":""},"categories":[15,36,2160],"tags":[],"class_list":["post-237343","post","type-post","status-publish","format-standard","has-post-thumbnail","hentry","category-destacadas","category-nacion","category-noticias-de-la-ciudad-de-mexico"],"_links":{"self":[{"href":"https:\/\/plazajuarez.mx\/historico\/wp-json\/wp\/v2\/posts\/237343","targetHints":{"allow":["GET"]}}],"collection":[{"href":"https:\/\/plazajuarez.mx\/historico\/wp-json\/wp\/v2\/posts"}],"about":[{"href":"https:\/\/plazajuarez.mx\/historico\/wp-json\/wp\/v2\/types\/post"}],"author":[{"embeddable":true,"href":"https:\/\/plazajuarez.mx\/historico\/wp-json\/wp\/v2\/users\/81"}],"replies":[{"embeddable":true,"href":"https:\/\/plazajuarez.mx\/historico\/wp-json\/wp\/v2\/comments?post=237343"}],"version-history":[{"count":0,"href":"https:\/\/plazajuarez.mx\/historico\/wp-json\/wp\/v2\/posts\/237343\/revisions"}],"wp:featuredmedia":[{"embeddable":true,"href":"https:\/\/plazajuarez.mx\/historico\/wp-json\/wp\/v2\/media\/237344"}],"wp:attachment":[{"href":"https:\/\/plazajuarez.mx\/historico\/wp-json\/wp\/v2\/media?parent=237343"}],"wp:term":[{"taxonomy":"category","embeddable":true,"href":"https:\/\/plazajuarez.mx\/historico\/wp-json\/wp\/v2\/categories?post=237343"},{"taxonomy":"post_tag","embeddable":true,"href":"https:\/\/plazajuarez.mx\/historico\/wp-json\/wp\/v2\/tags?post=237343"}],"curies":[{"name":"wp","href":"https:\/\/api.w.org\/{rel}","templated":true}]}}