{"id":237325,"date":"2022-11-07T13:45:24","date_gmt":"2022-11-07T19:45:24","guid":{"rendered":"https:\/\/plazajuarez.mx\/?p=237325"},"modified":"2022-11-07T13:45:30","modified_gmt":"2022-11-07T19:45:30","slug":"dani_alves-5","status":"publish","type":"post","link":"https:\/\/plazajuarez.mx\/historico\/dani_alves-5\/","title":{"rendered":"Dani Alves, en la lista de convocados de Brasil para Qatar 2022"},"content":{"rendered":"\n<p>Dani Alves lo logr\u00f3, el jugador de los Pumas estar\u00e1 en Qatar 2022 con la Selecci\u00f3n de Brasil.<\/p>\n\n\n\n<p>Este lunes la Canarinha revel\u00f3 la lista de 26 futbolistas que estar\u00e1n en la Copa del Mundo y ah\u00ed aparece el exjugador del Barcelona.<\/p>\n\n\n\n<p>&#8220;La selecci\u00f3n de Brasil est\u00e1 convocada para la Copa Mundial de la FIFA Qatar 2022 . En busca de la ansiada sexta estrella dorada, el entrenador Tite anunci\u00f3 los 26 atletas que defender\u00e1n la rayuela en el Mundial&#8221;, mencion\u00f3 la Confederaci\u00f3n Brasile\u00f1a de Futbol en su comunicado.<\/p>\n\n\n\n<p>Tras su salida del equipo cul\u00e9, Alves vino a M\u00e9xico para seguir con su carrera, pero tambi\u00e9n para poder ganarse un lugar en su equipo nacional para la Copa del Mundo que se realizar\u00e1 en Doha.<\/p>\n\n\n\n<p>Con esto, Dani es el \u00fanico jugador de la Liga MX que estar\u00e1 en el cuadro dirigido por Tite.<\/p>\n\n\n\n<p>Cabe recordar que la verdeamarela est\u00e1 en el Grupo G, donde comparte con Serbia, Suiza y Camer\u00fan.<\/p>\n\n\n\n<p>CONVOCATORIA DE BRASIL PARA QATAR 2022<\/p>\n\n\n\n<p>Alisson &#8211; Liverpool (ING)<\/p>\n\n\n\n<p>Ederson &#8211; Manchester City (ING)<\/p>\n\n\n\n<p>Weverton-Palmeiras (BRA)<\/p>\n\n\n\n<p>\u00c1lex Sandro &#8211; Juventus (ITA)<\/p>\n\n\n\n<p>Alex Telles &#8211; Sevilla (ESP)<\/p>\n\n\n\n<p>Dani Alves \u2013 Pumas (MEX)<\/p>\n\n\n\n<p>Danilo &#8211; Juventus (ITA)<\/p>\n\n\n\n<p>Bremer-Juventus (ITA)<\/p>\n\n\n\n<p>\u00c9der Militao &#8211; Real Madrid (ESP)<\/p>\n\n\n\n<p>Marquinhos &#8211; Par\u00eds Saint Germain (FRA)<\/p>\n\n\n\n<p>Thiago Silva &#8211; Chelsea (ING)<\/p>\n\n\n\n<p>Bruno Guimaraes &#8211; Newcastle (ESP)<\/p>\n\n\n\n<p>Casemiro &#8211; Manchester United (ING)<\/p>\n\n\n\n<p>Everton Ribeiro-Flamengo (BRA)<\/p>\n\n\n\n<p>Fabinho-Liverpool (ING)<\/p>\n\n\n\n<p>Fred &#8211; Manchester United (ING)<\/p>\n\n\n\n<p>Lucas Paquet\u00e1 &#8211; West Ham United (ING)<\/p>\n\n\n\n<p>Antonio &#8211; Manchester United (ING)<\/p>\n\n\n\n<p>Gabriel Jes\u00fas \u2013 Arsenal (ESP)<\/p>\n\n\n\n<p>Gabriel Martinelli \u2013 Arsenal (ESP)<\/p>\n\n\n\n<p>Neymar Jr. &#8211; Par\u00eds Saint Germain (FRA)<\/p>\n\n\n\n<p>Pedro \u2013 Flamengo (BRA)<\/p>\n\n\n\n<p>Raphinha &#8211; Barcelona (ESP)<\/p>\n\n\n\n<p>Richarlison &#8211; Tottenham (ING)<\/p>\n\n\n\n<p>Rodrigo &#8211; Real Madrid (ESP)<\/p>\n\n\n\n<p>Vinicius jr. &#8211; Real Madrid (ESP)<\/p>\n","protected":false},"excerpt":{"rendered":"<p>Dani Alves lo logr\u00f3, el jugador de los Pumas estar\u00e1 en Qatar 2022 con la Selecci\u00f3n de Brasil. Este lunes la Canarinha revel\u00f3 la lista de 26 futbolistas que estar\u00e1n en la Copa del Mundo y ah\u00ed aparece el exjugador del Barcelona. &#8220;La selecci\u00f3n de Brasil est\u00e1 convocada para la Copa Mundial de la FIFA [&hellip;]<\/p>\n","protected":false},"author":81,"featured_media":237326,"comment_status":"closed","ping_status":"closed","sticky":false,"template":"","format":"standard","meta":{"footnotes":""},"categories":[39,15],"tags":[],"class_list":["post-237325","post","type-post","status-publish","format-standard","has-post-thumbnail","hentry","category-deportiva","category-destacadas"],"_links":{"self":[{"href":"https:\/\/plazajuarez.mx\/historico\/wp-json\/wp\/v2\/posts\/237325","targetHints":{"allow":["GET"]}}],"collection":[{"href":"https:\/\/plazajuarez.mx\/historico\/wp-json\/wp\/v2\/posts"}],"about":[{"href":"https:\/\/plazajuarez.mx\/historico\/wp-json\/wp\/v2\/types\/post"}],"author":[{"embeddable":true,"href":"https:\/\/plazajuarez.mx\/historico\/wp-json\/wp\/v2\/users\/81"}],"replies":[{"embeddable":true,"href":"https:\/\/plazajuarez.mx\/historico\/wp-json\/wp\/v2\/comments?post=237325"}],"version-history":[{"count":0,"href":"https:\/\/plazajuarez.mx\/historico\/wp-json\/wp\/v2\/posts\/237325\/revisions"}],"wp:featuredmedia":[{"embeddable":true,"href":"https:\/\/plazajuarez.mx\/historico\/wp-json\/wp\/v2\/media\/237326"}],"wp:attachment":[{"href":"https:\/\/plazajuarez.mx\/historico\/wp-json\/wp\/v2\/media?parent=237325"}],"wp:term":[{"taxonomy":"category","embeddable":true,"href":"https:\/\/plazajuarez.mx\/historico\/wp-json\/wp\/v2\/categories?post=237325"},{"taxonomy":"post_tag","embeddable":true,"href":"https:\/\/plazajuarez.mx\/historico\/wp-json\/wp\/v2\/tags?post=237325"}],"curies":[{"name":"wp","href":"https:\/\/api.w.org\/{rel}","templated":true}]}}