{"id":237322,"date":"2022-11-07T13:39:14","date_gmt":"2022-11-07T19:39:14","guid":{"rendered":"https:\/\/plazajuarez.mx\/?p=237322"},"modified":"2022-11-07T13:39:20","modified_gmt":"2022-11-07T19:39:20","slug":"selena_gomez-2","status":"publish","type":"post","link":"https:\/\/plazajuarez.mx\/historico\/selena_gomez-2\/","title":{"rendered":"Selena Gomez omite agradecer a su donante de ri\u00f1\u00f3n en documental"},"content":{"rendered":"\n<p> Desde que se estren\u00f3 &#8220;My mind and me&#8221;, el documental en el que Selena Gomez habla de los problemas de salud mental y f\u00edsica que atraves\u00f3 en los \u00faltimos a\u00f1os, las redes sociales han demostrado la sorpresa que les produjo todos los altibajos a los que se ha enfrentado la cantante, sin embargo, tambi\u00e9n manifestaron su desacuerdo, debido a que Sel no mencion\u00f3 a Francia Ra\u00edsa, la amiga que le don\u00f3 un ri\u00f1\u00f3n debido al lupus que padece.<\/p>\n\n\n\n<p>Pese a que Selena Gomez ha sido una de las estrellas m\u00e1s queridas, desde que protagonizaba la serie de Disney &#8220;Los hechiceros de Weverly Place&#8221;, no ha tenido una vida f\u00e1cil. Precisamente este es el argumento de &#8220;My mind and me&#8221;, el documental de la artista, estrenado el pasado 2 de noviembre, ya que pese a que la cantante se gan\u00f3 un lugar dentro de la industria y en el gusto del p\u00fablico, haci\u00e9ndose acreedora de premios y una gran fortuna, no se sent\u00eda satisfecha.<\/p>\n\n\n\n<p>En cambio, en una entrevista para &#8220;Rolling Stone&#8221;, Selena confi\u00f3 que, al cumplir 20 a\u00f1os, su estado emocional comenz\u00f3 a deteriorarse, debido a que no se sent\u00eda parte del mundo de la fama, al cual \u2013asever\u00f3- nunca encaj\u00f3:<\/p>\n\n\n\n<p>&#8220;Nunca encaj\u00e9 con un grupo genial de chicas que eran celebridades. Mi \u00fanica amiga en la industria realmente es Taylor [Swift], as\u00ed que recuerdo sentir que no pertenec\u00eda&#8221;.<\/p>\n\n\n\n<p>Este fue uno de los testimonios que caus\u00f3 mayor furor, debido a que la amistad entre Selena y Taylor ha sido una de las m\u00e1s queridas por los fans, sin embargo, hubo quienes fueron m\u00e1s all\u00e1, al notar que la cantante no hab\u00eda incluido a Francia Ra\u00edsa, en su incipiente lista de amistades famosas, aun cuando hab\u00eda sido ella quien le don\u00f3 un ri\u00f1\u00f3n en 2017, cuando Gomez se encontraba muy delicada de salud.<\/p>\n\n\n\n<p>Pero si bien, Selena no mencion\u00f3 a Francia durante la entrevista, cuando sus seguidores notaron que a lo largo del documental s\u00f3lo hace una menci\u00f3n de haber recibido un ri\u00f1\u00f3n, sin destacar que este hab\u00eda provenido de una amiga suya (pese que en su momento agradeci\u00f3 hondamente dicha acci\u00f3n), comenzaron a cuestionarse qu\u00e9 es lo que estaba ocurriendo y cu\u00e1l era el motivo por el que Gomez hab\u00eda decidido no hablar de Raisa.<\/p>\n\n\n\n<p>La situaci\u00f3n gan\u00f3 mayor peso cuando Raisa dej\u00f3 de seguir a Gomez en Instagram, a tan s\u00f3lo un d\u00eda de que &#8220;My mind and me&#8221; se estrenara. Pero esta no fue la \u00fanica demostraci\u00f3n de Francia, pues tambi\u00e9n coment\u00f3 una publicaci\u00f3n de &#8220;E!&#8221;, donde citaba la entrevista donde Selena indicaba que Taylor Swift era su \u00fanica amiga famosa, escribiendo que la postura de la cantante le parec\u00eda &#8220;interesante&#8221;.<\/p>\n\n\n\n<p>A partir de ah\u00ed, las redes sociales tomaron postura, tanto del lado de Selena como de Francia, pues si bien, en el momento del trasplante, las j\u00f3venes se mostraron m\u00e1s unidas que nunca, a tan s\u00f3lo un a\u00f1o despu\u00e9s acrecentaron las versiones que suger\u00edan que Ra\u00edsa estaba molesta con Gomez, debido a que hab\u00eda aumentado su consumo de alcohol, lo que pon\u00eda en riesgo el \u00f3rgano que le hab\u00eda sido donado.<\/p>\n\n\n\n<p>Finalmente, Selena se pronunci\u00f3 y coment\u00f3 en una publicaci\u00f3n que lamentaba no hablar en el documental de todas las personas que conoc\u00eda, postura que sorprendi\u00f3 a todas y todos sus fans, pues sin importar que Ra\u00edsa y ella ya no sean tan unidas como un d\u00eda lo fueron, es la mujer que le don\u00f3 un \u00f3rgano.<\/p>\n\n\n\n<p>Otro de los aspectos que llam\u00f3 la atenci\u00f3n es que, todo indicada que, desde el a\u00f1o pasado, Ra\u00edsa y Gomez ya ten\u00edan una mejor relaci\u00f3n, pues la joven asisti\u00f3 a la fiesta de cumplea\u00f1os 30 de Selena en julio, misma mes en que ambas subieron un TikTok donde llevan a cabo una tem\u00e1tica muy divertida, disipando los rumores de enemistad.<\/p>\n","protected":false},"excerpt":{"rendered":"<p>Desde que se estren\u00f3 &#8220;My mind and me&#8221;, el documental en el que Selena Gomez habla de los problemas de salud mental y f\u00edsica que atraves\u00f3 en los \u00faltimos a\u00f1os, las redes sociales han demostrado la sorpresa que les produjo todos los altibajos a los que se ha enfrentado la cantante, sin embargo, tambi\u00e9n manifestaron [&hellip;]<\/p>\n","protected":false},"author":81,"featured_media":237323,"comment_status":"closed","ping_status":"closed","sticky":false,"template":"","format":"standard","meta":{"footnotes":""},"categories":[15,38],"tags":[],"class_list":["post-237322","post","type-post","status-publish","format-standard","has-post-thumbnail","hentry","category-destacadas","category-show"],"_links":{"self":[{"href":"https:\/\/plazajuarez.mx\/historico\/wp-json\/wp\/v2\/posts\/237322","targetHints":{"allow":["GET"]}}],"collection":[{"href":"https:\/\/plazajuarez.mx\/historico\/wp-json\/wp\/v2\/posts"}],"about":[{"href":"https:\/\/plazajuarez.mx\/historico\/wp-json\/wp\/v2\/types\/post"}],"author":[{"embeddable":true,"href":"https:\/\/plazajuarez.mx\/historico\/wp-json\/wp\/v2\/users\/81"}],"replies":[{"embeddable":true,"href":"https:\/\/plazajuarez.mx\/historico\/wp-json\/wp\/v2\/comments?post=237322"}],"version-history":[{"count":0,"href":"https:\/\/plazajuarez.mx\/historico\/wp-json\/wp\/v2\/posts\/237322\/revisions"}],"wp:featuredmedia":[{"embeddable":true,"href":"https:\/\/plazajuarez.mx\/historico\/wp-json\/wp\/v2\/media\/237323"}],"wp:attachment":[{"href":"https:\/\/plazajuarez.mx\/historico\/wp-json\/wp\/v2\/media?parent=237322"}],"wp:term":[{"taxonomy":"category","embeddable":true,"href":"https:\/\/plazajuarez.mx\/historico\/wp-json\/wp\/v2\/categories?post=237322"},{"taxonomy":"post_tag","embeddable":true,"href":"https:\/\/plazajuarez.mx\/historico\/wp-json\/wp\/v2\/tags?post=237322"}],"curies":[{"name":"wp","href":"https:\/\/api.w.org\/{rel}","templated":true}]}}