{"id":237318,"date":"2022-11-07T13:31:45","date_gmt":"2022-11-07T19:31:45","guid":{"rendered":"https:\/\/plazajuarez.mx\/?p=237318"},"modified":"2022-11-07T13:31:51","modified_gmt":"2022-11-07T19:31:51","slug":"colectivo_","status":"publish","type":"post","link":"https:\/\/plazajuarez.mx\/historico\/colectivo_\/","title":{"rendered":"Mujeres del colectivo 992, se manifiestan vestidas de novias en CDMX"},"content":{"rendered":"\n<p>Mujeres vestidas de novias del Colectivo 992 se manifiestan en el \u00c1ngel de la Independencia, esto luego de que presentaron una denuncia penal contra Leonel Rodr\u00edguez Far\u00edas en la Fiscal\u00eda General de la Rep\u00fablica (FGR).<\/p>\n\n\n\n<p>Al filo del medio d\u00eda, el Colectivo 992 lleg\u00f3 al \u00c1ngel de la Independencia en donde colocaron dos mantas con la leyenda: Presidente, \u00a1Contratar corruptos es corrupci\u00f3n\u00a1 y \u00a1No a la violencia institucional!<\/p>\n\n\n\n<p>Ingrid de los \u00c1ngeles Tapia, dirigente del colectivo Caso 992, mencion\u00f3 a este medio que se quedar\u00edan en ese lugar hasta que les den respuesta del lugar en donde trabaja Leonel Rodr\u00edguez Far\u00edas.<\/p>\n\n\n\n<p>&#8220;No nos iremos hasta que venga alguien del Gobierno Federal y nos digan d\u00f3nde trabaja Leonel Rodr\u00edguez Far\u00edas, quien debe 20 a\u00f1os de pensi\u00f3n alimenticia, hasta ese momento nos marchamos&#8221;, enfatiz\u00f3.<\/p>\n\n\n\n<p>Luego del arribo al \u00c1ngel de la Independencia, las integrantes del colectivo 992 comenzaron a entregar volantes con la leyenda: &#8220;La historia criminal de Leonel Rodr\u00edguez Far\u00edas&#8221;.<\/p>\n","protected":false},"excerpt":{"rendered":"<p>Mujeres vestidas de novias del Colectivo 992 se manifiestan en el \u00c1ngel de la Independencia, esto luego de que presentaron una denuncia penal contra Leonel Rodr\u00edguez Far\u00edas en la Fiscal\u00eda General de la Rep\u00fablica (FGR). Al filo del medio d\u00eda, el Colectivo 992 lleg\u00f3 al \u00c1ngel de la Independencia en donde colocaron dos mantas con [&hellip;]<\/p>\n","protected":false},"author":81,"featured_media":237320,"comment_status":"closed","ping_status":"closed","sticky":false,"template":"","format":"standard","meta":{"footnotes":""},"categories":[15,36,2160],"tags":[],"class_list":["post-237318","post","type-post","status-publish","format-standard","has-post-thumbnail","hentry","category-destacadas","category-nacion","category-noticias-de-la-ciudad-de-mexico"],"_links":{"self":[{"href":"https:\/\/plazajuarez.mx\/historico\/wp-json\/wp\/v2\/posts\/237318","targetHints":{"allow":["GET"]}}],"collection":[{"href":"https:\/\/plazajuarez.mx\/historico\/wp-json\/wp\/v2\/posts"}],"about":[{"href":"https:\/\/plazajuarez.mx\/historico\/wp-json\/wp\/v2\/types\/post"}],"author":[{"embeddable":true,"href":"https:\/\/plazajuarez.mx\/historico\/wp-json\/wp\/v2\/users\/81"}],"replies":[{"embeddable":true,"href":"https:\/\/plazajuarez.mx\/historico\/wp-json\/wp\/v2\/comments?post=237318"}],"version-history":[{"count":0,"href":"https:\/\/plazajuarez.mx\/historico\/wp-json\/wp\/v2\/posts\/237318\/revisions"}],"wp:featuredmedia":[{"embeddable":true,"href":"https:\/\/plazajuarez.mx\/historico\/wp-json\/wp\/v2\/media\/237320"}],"wp:attachment":[{"href":"https:\/\/plazajuarez.mx\/historico\/wp-json\/wp\/v2\/media?parent=237318"}],"wp:term":[{"taxonomy":"category","embeddable":true,"href":"https:\/\/plazajuarez.mx\/historico\/wp-json\/wp\/v2\/categories?post=237318"},{"taxonomy":"post_tag","embeddable":true,"href":"https:\/\/plazajuarez.mx\/historico\/wp-json\/wp\/v2\/tags?post=237318"}],"curies":[{"name":"wp","href":"https:\/\/api.w.org\/{rel}","templated":true}]}}