{"id":237311,"date":"2022-11-07T12:47:30","date_gmt":"2022-11-07T18:47:30","guid":{"rendered":"https:\/\/plazajuarez.mx\/?p=237311"},"modified":"2022-11-07T12:47:36","modified_gmt":"2022-11-07T18:47:36","slug":"confirman-reunion-en-mexico-con-presidentes-de-america-latina","status":"publish","type":"post","link":"https:\/\/plazajuarez.mx\/historico\/confirman-reunion-en-mexico-con-presidentes-de-america-latina\/","title":{"rendered":"Confirman reuni\u00f3n en M\u00e9xico con presidentes de Am\u00e9rica Latina"},"content":{"rendered":"\n<p>El presidente mexicano, Andr\u00e9s Manuel L\u00f3pez Obrador, confirm\u00f3 este lunes que se reunir\u00e1 en Ciudad de M\u00e9xico con diversos mandatarios de Latinoam\u00e9rica, la mayor\u00eda de izquierdas, entre el 23 y el 25 de noviembre para tratar el tema de la integraci\u00f3n de Am\u00e9rica.<\/p>\n\n\n\n<p>\u201cEl 23 (de noviembre) viene el presidente (Gabriel) Boric (de Chile), el 24 viene el presidente (Alberto) Fern\u00e1ndez (de Argentina). Estamos esperando confirmaci\u00f3n del presidente (electo) Lula (Da Silva). Viene el presidente de Ecuador (Guillermo Lasso), viene el presidente de Per\u00fa (Pedro Castillo), el presidente de Colombia (Gustavo Petro), pero es el 23, 24 y 25\u201d, revel\u00f3.<\/p>\n\n\n\n<p>Aunque originalmente la reuni\u00f3n estaba programada para realizarse en el sure\u00f1o estado mexicano de Oaxaca con los jefes de Estado de la Alianza del Pac\u00edfico, que incluye a M\u00e9xico, Chile, Colombia y Per\u00fa, el mandatario detall\u00f3 que la sede cambiar\u00e1 a la Ciudad de M\u00e9xico \u201cpor cuestiones de log\u00edstica\u201d.<\/p>\n\n\n\n<p>A la cumbre de la Alianza del Pac\u00edfico tambi\u00e9n asistir\u00e1n el mandatario de Ecuador y el de Costa Rica, Rodrigo Chaves, quienes pretenden unirse al bloque comercial.<\/p>\n\n\n\n<p>Hace unos d\u00edas, L\u00f3pez Obrador hab\u00eda explicado que la reuni\u00f3n tiene como finalidad tratar el tema de la integraci\u00f3n de Am\u00e9rica para la cooperaci\u00f3n econ\u00f3mica con respeto a la soberan\u00eda de cada pa\u00eds.<\/p>\n\n\n\n<p>En ese sentido, el presidente mexicano reiter\u00f3 ahora que debe procurarse el sue\u00f1o de Sim\u00f3n Bol\u00edvar de integrar a Am\u00e9rica, incluso con Canad\u00e1 y Estados Unidos.<\/p>\n\n\n\n<p>\u201cSe tiene que buscar integraci\u00f3n econ\u00f3mica, comercial, pol\u00edtica con respeto a las soberan\u00edas de los pa\u00edses, ese es el planteamiento que tiene M\u00e9xico\u201d, dijo en su rueda de prensa matutina en el Palacio Nacional.<\/p>\n\n\n\n<p>Pero advirti\u00f3 que eso debe significar un cambio en la pol\u00edtica de Estados Unidos con Am\u00e9rica Latina y el Caribe, aunque acept\u00f3 que ha habido avances positivos al respecto.<\/p>\n\n\n\n<p>\u201cEs positivo el que se haya reconocido sin dilaci\u00f3n el triunfo del presidente Petro en Colombia, es positivo el que se haya tambi\u00e9n reconocido el triunfo de Lula, es positivo el que no tenga una actuaci\u00f3n injerencista en el caso del Per\u00fa\u201d, afirm\u00f3.<\/p>\n\n\n\n<p>Asimismo, destac\u00f3 que es bueno que Estados Unidos est\u00e9 reiniciando relaciones con Venezuela, as\u00ed como que se est\u00e9n restableciendo las relaciones entre el Gobierno colombiano y el venezolano.<\/p>\n\n\n\n<p>\u201cYo pienso que es posible una integraci\u00f3n completa, (similar) a c\u00f3mo surge la Comunidad Europea&#8221;, afirm\u00f3.<\/p>\n\n\n\n<p>&#8220;Un desarrollo con justicia, en beneficio de todos los pueblos, de todos los pa\u00edses para que Am\u00e9rica no sea considerada o se le considere como un continente de desigualdad y de pobreza\u201d, agreg\u00f3.<\/p>\n\n\n\n<p>Adem\u00e1s, asever\u00f3 que con el reciente triunfo en las elecciones de Lula en Brasil \u201chay condiciones inmejorables\u201d para la uni\u00f3n de la regi\u00f3n.<\/p>\n\n\n\n<p>\u201cLula es un gran dirigente, con mucho prestigio en los pa\u00edses de Am\u00e9rica Latina, del Caribe, del mundo. Adem\u00e1s lo quiere mucho el pueblo en Brasil, sobre todo la gente humilde, la gente pobre\u201d, destac\u00f3.&nbsp;<\/p>\n","protected":false},"excerpt":{"rendered":"<p>El presidente mexicano, Andr\u00e9s Manuel L\u00f3pez Obrador, confirm\u00f3 este lunes que se reunir\u00e1 en Ciudad de M\u00e9xico con diversos mandatarios de Latinoam\u00e9rica, la mayor\u00eda de izquierdas, entre el 23 y el 25 de noviembre para tratar el tema de la integraci\u00f3n de Am\u00e9rica. \u201cEl 23 (de noviembre) viene el presidente (Gabriel) Boric (de Chile), el [&hellip;]<\/p>\n","protected":false},"author":80,"featured_media":237312,"comment_status":"closed","ping_status":"closed","sticky":false,"template":"","format":"standard","meta":{"footnotes":""},"categories":[15,36],"tags":[],"class_list":["post-237311","post","type-post","status-publish","format-standard","has-post-thumbnail","hentry","category-destacadas","category-nacion"],"_links":{"self":[{"href":"https:\/\/plazajuarez.mx\/historico\/wp-json\/wp\/v2\/posts\/237311","targetHints":{"allow":["GET"]}}],"collection":[{"href":"https:\/\/plazajuarez.mx\/historico\/wp-json\/wp\/v2\/posts"}],"about":[{"href":"https:\/\/plazajuarez.mx\/historico\/wp-json\/wp\/v2\/types\/post"}],"author":[{"embeddable":true,"href":"https:\/\/plazajuarez.mx\/historico\/wp-json\/wp\/v2\/users\/80"}],"replies":[{"embeddable":true,"href":"https:\/\/plazajuarez.mx\/historico\/wp-json\/wp\/v2\/comments?post=237311"}],"version-history":[{"count":0,"href":"https:\/\/plazajuarez.mx\/historico\/wp-json\/wp\/v2\/posts\/237311\/revisions"}],"wp:featuredmedia":[{"embeddable":true,"href":"https:\/\/plazajuarez.mx\/historico\/wp-json\/wp\/v2\/media\/237312"}],"wp:attachment":[{"href":"https:\/\/plazajuarez.mx\/historico\/wp-json\/wp\/v2\/media?parent=237311"}],"wp:term":[{"taxonomy":"category","embeddable":true,"href":"https:\/\/plazajuarez.mx\/historico\/wp-json\/wp\/v2\/categories?post=237311"},{"taxonomy":"post_tag","embeddable":true,"href":"https:\/\/plazajuarez.mx\/historico\/wp-json\/wp\/v2\/tags?post=237311"}],"curies":[{"name":"wp","href":"https:\/\/api.w.org\/{rel}","templated":true}]}}