{"id":237308,"date":"2022-11-07T12:42:18","date_gmt":"2022-11-07T18:42:18","guid":{"rendered":"https:\/\/plazajuarez.mx\/?p=237308"},"modified":"2022-11-07T12:42:25","modified_gmt":"2022-11-07T18:42:25","slug":"de-amigos-a-presuntos-feminicidas","status":"publish","type":"post","link":"https:\/\/plazajuarez.mx\/historico\/de-amigos-a-presuntos-feminicidas\/","title":{"rendered":"De amigos a presuntos feminicidas"},"content":{"rendered":"\n<p>Rautel &#8220;N&#8221; y Vanessa &#8220;N&#8221;, son los dos detenidos por el feminicidio de Ariadna Fernanda, joven hallada muerta en el estado de Morelos.<br><br>Vanesa &#8220;N&#8221; fue detenida el domingo en Ecatepec y Rautel &#8220;N&#8221; se entreg\u00f3 la madrugada de este lunes en el estado de Nuevo Le\u00f3n.<br><br>Ambos, presuntamente ser\u00edan pareja y eran amigos de Ariadna Fernanda con quien convivieron en un departamento, propiedad de Rautel &#8220;N&#8221;, en la colonia Roma.<br><br>Luego de darse a conocer el caso, ambos hicieron muestras p\u00fablicas tratando de desv\u00edar la atenci\u00f3n.<br>En el caso de Rautel, acudi\u00f3 incluso al funeral de Ariadna Fernanda, donde dio declaraciones a los medios de comunicaci\u00f3n en los que afirm\u00f3 que la joven se fue por su propia cuenta y que estaba dispuesto a cooperar con las autoridades.<br><br>&#8220;Si ella (Ariadna) me escogi\u00f3 para esto, quiero hacerlo de la mejor manera\u2026 Cuenten conmigo para todo&#8221;.<br><br>De acuerdo con su narraci\u00f3n, primero convivieron en un bar y luego se trasladaron a su departamento de donde Ariadna se &#8220;fue por su cuenta&#8221; y que desde ese entonces perdi\u00f3 comunicaci\u00f3n con ella.<br><br>Incluso afirm\u00f3 que \u00e9l y su novia (Vanessa) ya hab\u00edan declarado y que fueron los primeros en hacerlo.<br>El tambi\u00e9n empresario, us\u00f3 su cuenta de Facebook para repostear una imagen en la que otras amistades solicitaban ayuda para localizarla.<br><br>&#8220;Con mucha tristeza estamos compartiendo esta foto, por favor cualquier informaci\u00f3n ser\u00eda de gran ayuda&#8221;.<br><br>La \u00faltima muestra p\u00fablica que realiz\u00f3 fue la madrugada de este lunes previo a entregarse a las autoridades de la Fiscal\u00eda de Nuevo Le\u00f3n. Ah\u00ed, volvi\u00f3 a aprovechar la presencia de medios de comunicaci\u00f3n para se\u00f1alar que reci\u00e9n se hab\u00eda enterado de que era buscado.<br><br>Tambi\u00e9n se dijo inocente y pidi\u00f3 ayuda a amigos para que hicieran un movimiento para que sepan qui\u00e9n es \u00e9l.<br><br>Por su parte, Vanessa &#8220;N&#8221; presuntamente hac\u00eda posteos en sus redes sociales lamentando la muerte y pidiendo justicia para Ariadna.<br><br>Seg\u00fan una captura de pantalla compartida por conocidos de Ariadna Fernanda en Redes sociales, Vanessa &#8220;N&#8221; hablaba de lo significativa que era su amistad.<br><br>&#8220;Como cuesta despedirse, y m\u00e1s sabiendo que tu partida fue hecho de un acto violento y cobarde, te escribo con el alma hecha pedazos de saber que seguramente luchaste hasta el final y no hubo quien te ayudar\u00e1, como lo siento mi Ari preciosa, nos dejas un vac\u00edo enorme y una tristeza que nos parte el coraz\u00f3n. Eres un ser lleno de amor, de luz y Seguir\u00e1s viviendo en el coraz\u00f3n de todo el que tuvo la dicha de convivir contigo, te prometo que siempre llevar\u00e9 un cachito de ti conmigo, te quiero recordar as\u00ed siempre, con una sonrisa que hac\u00eda que todo el que te conociera te amara&#8221;.<br><br>Al final del post le dedic\u00f3 un fragmento de la canci\u00f3n de &#8220;Un mill\u00f3n de primaveras&#8221; de Vicente Fern\u00e1ndez.<br><br>Una de las primeras versiones que circularon sobre el caso era que Ariadna Fernanda hab\u00eda tomado un taxi tras convivir con amigos en un bar de la Condesa el pasado 30 de octubre.<br><br>Un d\u00eda despu\u00e9s, su cuerpo fue hallado por ciclistas a un costado de la autopista Cuautla-Tepoztl\u00e1n Morelos.<br><br>Las primeras investigaciones corrieron a cargo de la Fiscal\u00eda de Morelos y determin\u00f3 que Ariadna Fernanda hab\u00eda muerto por intoxicaci\u00f3n et\u00edlica.<br><br>Sin embargo, la Fiscal\u00eda de la Ciudad de M\u00e9xico atrajo el caso y realiz\u00f3 una segunda necropsia en la que se indic\u00f3 que la causa de muerte fue por trauma m\u00faltiple.<br><br>Adem\u00e1s, inform\u00f3 que hab\u00edan identificado a dos personas (Rautel &#8220;N&#8221; y Vanessa &#8220;N&#8221;) como posibles implicados en el feminicidio.<br><br>Seg\u00fan la Fiscal\u00eda capitalina, hallaron videos en los que se observa a Rautel &#8220;N&#8221; cargando el cuerpo de Ariadna y llevarlo a un auto; adem\u00e1s, encontraron indicios de sangre en su departamento.<\/p>\n","protected":false},"excerpt":{"rendered":"<p>Rautel &#8220;N&#8221; y Vanessa &#8220;N&#8221;, son los dos detenidos por el feminicidio de Ariadna Fernanda, joven hallada muerta en el estado de Morelos. Vanesa &#8220;N&#8221; fue detenida el domingo en Ecatepec y Rautel &#8220;N&#8221; se entreg\u00f3 la madrugada de este lunes en el estado de Nuevo Le\u00f3n. Ambos, presuntamente ser\u00edan pareja y eran amigos de [&hellip;]<\/p>\n","protected":false},"author":81,"featured_media":237309,"comment_status":"closed","ping_status":"closed","sticky":false,"template":"","format":"standard","meta":{"footnotes":""},"categories":[37,15],"tags":[],"class_list":["post-237308","post","type-post","status-publish","format-standard","has-post-thumbnail","hentry","category-barandilla","category-destacadas"],"_links":{"self":[{"href":"https:\/\/plazajuarez.mx\/historico\/wp-json\/wp\/v2\/posts\/237308","targetHints":{"allow":["GET"]}}],"collection":[{"href":"https:\/\/plazajuarez.mx\/historico\/wp-json\/wp\/v2\/posts"}],"about":[{"href":"https:\/\/plazajuarez.mx\/historico\/wp-json\/wp\/v2\/types\/post"}],"author":[{"embeddable":true,"href":"https:\/\/plazajuarez.mx\/historico\/wp-json\/wp\/v2\/users\/81"}],"replies":[{"embeddable":true,"href":"https:\/\/plazajuarez.mx\/historico\/wp-json\/wp\/v2\/comments?post=237308"}],"version-history":[{"count":0,"href":"https:\/\/plazajuarez.mx\/historico\/wp-json\/wp\/v2\/posts\/237308\/revisions"}],"wp:featuredmedia":[{"embeddable":true,"href":"https:\/\/plazajuarez.mx\/historico\/wp-json\/wp\/v2\/media\/237309"}],"wp:attachment":[{"href":"https:\/\/plazajuarez.mx\/historico\/wp-json\/wp\/v2\/media?parent=237308"}],"wp:term":[{"taxonomy":"category","embeddable":true,"href":"https:\/\/plazajuarez.mx\/historico\/wp-json\/wp\/v2\/categories?post=237308"},{"taxonomy":"post_tag","embeddable":true,"href":"https:\/\/plazajuarez.mx\/historico\/wp-json\/wp\/v2\/tags?post=237308"}],"curies":[{"name":"wp","href":"https:\/\/api.w.org\/{rel}","templated":true}]}}