{"id":237304,"date":"2022-11-07T08:23:19","date_gmt":"2022-11-07T14:23:19","guid":{"rendered":"https:\/\/plazajuarez.mx\/?p=237304"},"modified":"2022-11-07T08:23:24","modified_gmt":"2022-11-07T14:23:24","slug":"compromiso-del-gobierno-del-estado-construccion-de-intercanal","status":"publish","type":"post","link":"https:\/\/plazajuarez.mx\/historico\/compromiso-del-gobierno-del-estado-construccion-de-intercanal\/","title":{"rendered":"Compromiso del gobierno del estado, construcci\u00f3n de intercanal"},"content":{"rendered":"\n<p>ALFAJAYUCAN.- La presa El Yath\u00e9, fue un compromiso del Gobernador, Julio Menchaca y ya se buscan soluciones para que se pueda construir el canal de interconexi\u00f3n, informaron productores, luego de una reuni\u00f3n que sostuvieron con personal de la Secretar\u00eda de Agricultura de Hidalgo (Sedagroh).\u00a0<\/p>\n\n\n\n<p>La reuni\u00f3n que tuvieron con el titular de la dependencia, Napole\u00f3n Gonz\u00e1lez, acordaron buscar soluciones definitivas que permitan resolver de fondo el problema, la construcci\u00f3n de los dos kil\u00f3metros de canal.&nbsp;<\/p>\n\n\n\n<p>Para esta obra, se necesitan m\u00e1s de 100 millones de pesos para su construcci\u00f3n, adem\u00e1s del pago de derecho de v\u00eda del canal. Hasta ahora, los ejidatarios, han autorizado la liberaci\u00f3n del derecho de v\u00eda y est\u00e1n a la espera de las negociaciones del gobierno para el pago de la indemnizaci\u00f3n.&nbsp;<\/p>\n\n\n\n<p>Explicaron, que Sedagroh, les ha informado, que esta obra es un compromiso hecho por el hoy Gobernador, desde que estaba en la campa\u00f1a pol\u00edtica, donde les ofreci\u00f3 ponerla en funcionamiento para beneficio de los productores.<\/p>\n","protected":false},"excerpt":{"rendered":"<p>ALFAJAYUCAN.- La presa El Yath\u00e9, fue un compromiso del Gobernador, Julio Menchaca y ya se buscan soluciones para que se pueda construir el canal de interconexi\u00f3n, informaron productores, luego de una reuni\u00f3n que sostuvieron con personal de la Secretar\u00eda de Agricultura de Hidalgo (Sedagroh).\u00a0 La reuni\u00f3n que tuvieron con el titular de la dependencia, Napole\u00f3n [&hellip;]<\/p>\n","protected":false},"author":75,"featured_media":237305,"comment_status":"closed","ping_status":"closed","sticky":false,"template":"","format":"standard","meta":{"footnotes":""},"categories":[2159,40],"tags":[],"class_list":["post-237304","post","type-post","status-publish","format-standard","has-post-thumbnail","hentry","category-noticias-de-hidalgo","category-region"],"_links":{"self":[{"href":"https:\/\/plazajuarez.mx\/historico\/wp-json\/wp\/v2\/posts\/237304","targetHints":{"allow":["GET"]}}],"collection":[{"href":"https:\/\/plazajuarez.mx\/historico\/wp-json\/wp\/v2\/posts"}],"about":[{"href":"https:\/\/plazajuarez.mx\/historico\/wp-json\/wp\/v2\/types\/post"}],"author":[{"embeddable":true,"href":"https:\/\/plazajuarez.mx\/historico\/wp-json\/wp\/v2\/users\/75"}],"replies":[{"embeddable":true,"href":"https:\/\/plazajuarez.mx\/historico\/wp-json\/wp\/v2\/comments?post=237304"}],"version-history":[{"count":0,"href":"https:\/\/plazajuarez.mx\/historico\/wp-json\/wp\/v2\/posts\/237304\/revisions"}],"wp:featuredmedia":[{"embeddable":true,"href":"https:\/\/plazajuarez.mx\/historico\/wp-json\/wp\/v2\/media\/237305"}],"wp:attachment":[{"href":"https:\/\/plazajuarez.mx\/historico\/wp-json\/wp\/v2\/media?parent=237304"}],"wp:term":[{"taxonomy":"category","embeddable":true,"href":"https:\/\/plazajuarez.mx\/historico\/wp-json\/wp\/v2\/categories?post=237304"},{"taxonomy":"post_tag","embeddable":true,"href":"https:\/\/plazajuarez.mx\/historico\/wp-json\/wp\/v2\/tags?post=237304"}],"curies":[{"name":"wp","href":"https:\/\/api.w.org\/{rel}","templated":true}]}}