{"id":236985,"date":"2022-11-04T09:09:32","date_gmt":"2022-11-04T15:09:32","guid":{"rendered":"https:\/\/plazajuarez.mx\/?p=236985"},"modified":"2022-11-04T09:09:37","modified_gmt":"2022-11-04T15:09:37","slug":"iniciaron-los-foros-de-consulta-a-pueblos-indigenas","status":"publish","type":"post","link":"https:\/\/plazajuarez.mx\/historico\/iniciaron-los-foros-de-consulta-a-pueblos-indigenas\/","title":{"rendered":"Iniciaron los Foros de Consulta a Pueblos Ind\u00edgenas"},"content":{"rendered":"\n<p>En la regi\u00f3n Otom\u00ed-Tepehua iniciaron los Foros de Consulta a Pueblos y Comunidades Ind\u00edgenas para la construcci\u00f3n del Plan Estatal para la Transformaci\u00f3n de Hidalgo organizados por la Comisi\u00f3n Estatal para el Desarrollo Sostenible de los Pueblos Ind\u00edgenas (CEDSPI) que encabeza Prisco Manuel Guti\u00e9rrez.&nbsp;<\/p>\n\n\n\n<p>Dichos foros forman parte de la visi\u00f3n del mandatario Julio Menchaca Salazar de ser un gobierno cercano a la gente, de escuchar sus propuestas y construir juntos un Hidalgo transformador.<\/p>\n\n\n\n<p>En Huehuetla, San Bartolo Tutotepec y Tenango de Doria, participaron en total m\u00e1s de 550 personas que respondieron a la convocatoria emitida en la lengua materna de la regi\u00f3n, la lengua tepehua.&nbsp;<\/p>\n\n\n\n<p>Prisco Manuel Guti\u00e9rrez reiter\u00f3 su compromiso con las familias originarias, agradeci\u00f3 el trabajo coordinado con la Unidad de Planeaci\u00f3n y Prospectiva que encabeza Miguel \u00c1ngel Tello, y el acompa\u00f1amiento del subsecretario On\u00e9simo Rodrigo Serrano Rivera; alcaldes de los municipios participantes, representantes ind\u00edgenas y sociedad civil organizada.<\/p>\n","protected":false},"excerpt":{"rendered":"<p>En la regi\u00f3n Otom\u00ed-Tepehua iniciaron los Foros de Consulta a Pueblos y Comunidades Ind\u00edgenas para la construcci\u00f3n del Plan Estatal para la Transformaci\u00f3n de Hidalgo organizados por la Comisi\u00f3n Estatal para el Desarrollo Sostenible de los Pueblos Ind\u00edgenas (CEDSPI) que encabeza Prisco Manuel Guti\u00e9rrez.&nbsp; Dichos foros forman parte de la visi\u00f3n del mandatario Julio Menchaca [&hellip;]<\/p>\n","protected":false},"author":93,"featured_media":236986,"comment_status":"closed","ping_status":"closed","sticky":false,"template":"","format":"standard","meta":{"footnotes":""},"categories":[59,2159],"tags":[],"class_list":["post-236985","post","type-post","status-publish","format-standard","has-post-thumbnail","hentry","category-general","category-noticias-de-hidalgo"],"_links":{"self":[{"href":"https:\/\/plazajuarez.mx\/historico\/wp-json\/wp\/v2\/posts\/236985","targetHints":{"allow":["GET"]}}],"collection":[{"href":"https:\/\/plazajuarez.mx\/historico\/wp-json\/wp\/v2\/posts"}],"about":[{"href":"https:\/\/plazajuarez.mx\/historico\/wp-json\/wp\/v2\/types\/post"}],"author":[{"embeddable":true,"href":"https:\/\/plazajuarez.mx\/historico\/wp-json\/wp\/v2\/users\/93"}],"replies":[{"embeddable":true,"href":"https:\/\/plazajuarez.mx\/historico\/wp-json\/wp\/v2\/comments?post=236985"}],"version-history":[{"count":0,"href":"https:\/\/plazajuarez.mx\/historico\/wp-json\/wp\/v2\/posts\/236985\/revisions"}],"wp:featuredmedia":[{"embeddable":true,"href":"https:\/\/plazajuarez.mx\/historico\/wp-json\/wp\/v2\/media\/236986"}],"wp:attachment":[{"href":"https:\/\/plazajuarez.mx\/historico\/wp-json\/wp\/v2\/media?parent=236985"}],"wp:term":[{"taxonomy":"category","embeddable":true,"href":"https:\/\/plazajuarez.mx\/historico\/wp-json\/wp\/v2\/categories?post=236985"},{"taxonomy":"post_tag","embeddable":true,"href":"https:\/\/plazajuarez.mx\/historico\/wp-json\/wp\/v2\/tags?post=236985"}],"curies":[{"name":"wp","href":"https:\/\/api.w.org\/{rel}","templated":true}]}}