{"id":236978,"date":"2022-11-04T09:06:31","date_gmt":"2022-11-04T15:06:31","guid":{"rendered":"https:\/\/plazajuarez.mx\/?p=236978"},"modified":"2022-11-04T09:06:39","modified_gmt":"2022-11-04T15:06:39","slug":"dese-por-enterado-1048","status":"publish","type":"post","link":"https:\/\/plazajuarez.mx\/historico\/dese-por-enterado-1048\/","title":{"rendered":"DESE POR ENTERADO"},"content":{"rendered":"\n<p><strong>YA VIENE LA GUADA\u00d1A.<\/strong> \u2013 Pues no, el asunto del mar de se\u00f1alamientos contra obras y funcionarios del pasado r\u00e9gimen, aseguran los que saben, no se quedar\u00e1 en puro borlote, y antes que termine el presente mes, se dar\u00e1 a conocer el nombre de los que pasar\u00e1n pat\u00e9ticas fiestas decembrinas. No son tantos como se pensaba, pero s\u00ed los suficientes para dejar en claro que, quien la haga, la va a pagar. Y, el mensaje es para los que ahorita andan cual Torquemadas, como buscando echar lumbre a quien se les ponga enfrente.&nbsp;<\/p>\n\n\n<div class=\"wp-block-image\">\n<figure class=\"aligncenter size-full\"><img loading=\"lazy\" decoding=\"async\" width=\"201\" height=\"251\" src=\"https:\/\/plazajuarez.mx\/historico\/historico\/wp-content\/uploads\/2022\/11\/YA-VIENE-LA-GUADAN\u0303A.-\u2013Ilustrativa-.jpg\" alt=\"\" class=\"wp-image-236979\"\/><\/figure>\n<\/div>\n\n\n<p><strong>Y PARA CERRAR XANTOLO: \u00a1EL KOMANDER!<\/strong>. &#8211; \u00a1Qu\u00e9 bonito es lo bonito! Y por eso el alcalde de Huejutla se dijo, \u201cbueno, y si la celebraci\u00f3n del Xantolo ha sido todo un \u00e9xito, por qu\u00e9 no cerrar con broche de oro con la presencia del afamado, sensible, pleno de poes\u00eda por la vida de <strong>Alfredo R\u00edos, \u201cEl Komander<\/strong>\u201d, quien al grito de \u201ctengan, para que aprendan\u201d, puso a bailar a todo el respetable p\u00fablico, al ritmo de su m\u00e1s reciente \u00e9xito en honor a un pr\u00f3cer de la patria integrante de alguna agrupaci\u00f3n huachicolera de la regi\u00f3n. \u00a1Aplausos para el edil <strong>Daniel Andrade Zurtuza<\/strong>, que s\u00ed sabe lo que le gusta al pueblo sabio!<\/p>\n\n\n\n<figure class=\"wp-block-image size-full\"><img loading=\"lazy\" decoding=\"async\" width=\"1600\" height=\"974\" src=\"https:\/\/plazajuarez.mx\/historico\/historico\/wp-content\/uploads\/2022\/11\/Y-PARA-CERRAR-XANTOLO_-EL-COMANDER.-Cortesi\u0301a-.jpg\" alt=\"\" class=\"wp-image-236980\" srcset=\"https:\/\/plazajuarez.mx\/historico\/wp-content\/uploads\/2022\/11\/Y-PARA-CERRAR-XANTOLO_-EL-COMANDER.-Cortesi\u0301a-.jpg 1600w, https:\/\/plazajuarez.mx\/historico\/wp-content\/uploads\/2022\/11\/Y-PARA-CERRAR-XANTOLO_-EL-COMANDER.-Cortesi\u0301a--768x468.jpg 768w, https:\/\/plazajuarez.mx\/historico\/wp-content\/uploads\/2022\/11\/Y-PARA-CERRAR-XANTOLO_-EL-COMANDER.-Cortesi\u0301a--1536x935.jpg 1536w\" sizes=\"auto, (max-width: 1600px) 100vw, 1600px\" \/><\/figure>\n\n\n\n<p><strong>QUE DICEN \u201cALITO\u201d Y \u201cCARITO\u201d QUE NO PROCEDE SU REGISTRO<\/strong>. \u2013 El l\u00edder pol\u00edtico, ejemplo de verticalidad, de compromiso, de palabra, <strong>Alejandro Moreno<\/strong>, m\u00e1xima autoridad del PRI nacional, gir\u00f3 instrucciones para que la solicitud de registro de planilla, del ex gobernador de Hidalgo, <strong>Omar Fayad Meneses<\/strong>, para buscar lugar en el Consejo Pol\u00edtico Nacional del PRI, fuera rechazada por no cumplir con todos los requisitos que permiten tal acci\u00f3n. Algunos chismosos juran haber visto a \u201cCarito\u201d que hasta perd\u00eda el aire de tanta risa que le daba el caso citado. El ex mandatario apenas sondea el panorama de un instituto pol\u00edtico que no tiene br\u00fajula ni rumbo, luego que su dirigencia se postr\u00f3 ante el poder, ante los trancazos recibidos de <strong>Layda<\/strong>, otro personaje de singular solvencia moral. Como que la estrategia de <strong>Omar Fayad<\/strong>, apenas se pone en marcha y tendremos muchas, pero muchas noticias en los meses por venir. Por cierto, \u00a1qu\u00e9 forma de mostrar el cobre de <strong>Mayka Ortega Eguiluz<\/strong>!<\/p>\n\n\n\n<figure class=\"wp-block-image size-full\"><img loading=\"lazy\" decoding=\"async\" width=\"1024\" height=\"578\" src=\"https:\/\/plazajuarez.mx\/historico\/historico\/wp-content\/uploads\/2022\/11\/QUE-DICEN-ALITO-Y-CARITO-QUE-NO-PROCEDE-SU-REGISTRO.-\u2013-Cortesi\u0301a.jpeg\" alt=\"\" class=\"wp-image-236981\" srcset=\"https:\/\/plazajuarez.mx\/historico\/wp-content\/uploads\/2022\/11\/QUE-DICEN-ALITO-Y-CARITO-QUE-NO-PROCEDE-SU-REGISTRO.-\u2013-Cortesi\u0301a.jpeg 1024w, https:\/\/plazajuarez.mx\/historico\/wp-content\/uploads\/2022\/11\/QUE-DICEN-ALITO-Y-CARITO-QUE-NO-PROCEDE-SU-REGISTRO.-\u2013-Cortesi\u0301a-768x434.jpeg 768w\" sizes=\"auto, (max-width: 1024px) 100vw, 1024px\" \/><\/figure>\n\n\n\n<p><strong>YA CON UN PIE EN EL BOTE, ARMANDO AZPEITIA<\/strong>. \u2013 Va en serio, porque la Auditor\u00eda Superior del Estado de Hidalgo, ya revel\u00f3 que, de todos los ayuntamientos, es precisamente el que gobierna el l\u00edder de l\u00edderes, revolucionario entre los revolucionarios, <strong>Armando Azpeitia<\/strong>, quien encabeza a los 34 municipios que fueron sujetos a revisi\u00f3n, con m\u00e1s de dos millones y medio de pesos, que simplemente no se sabe a d\u00f3nde fueron a parar en el a\u00f1o 2021. As\u00ed que el gemelo del Che Guevara, bien puede preparar mochila y el Manifiesto del Partido Comunista para aleccionar a sus compa\u00f1eros de celda, ya que no se ve c\u00f3mo pueda solventar los faltantes.<\/p>\n\n\n\n<figure class=\"wp-block-image size-full\"><img loading=\"lazy\" decoding=\"async\" width=\"2048\" height=\"1365\" src=\"https:\/\/plazajuarez.mx\/historico\/historico\/wp-content\/uploads\/2022\/11\/YA-CON-UN-PIE-EN-EL-BOTE-ARMANDO-AZPEITIA.-\u2013-Facebook-Armando-Azpeitia-Di\u0301az.jpeg\" alt=\"\" class=\"wp-image-236982\" srcset=\"https:\/\/plazajuarez.mx\/historico\/wp-content\/uploads\/2022\/11\/YA-CON-UN-PIE-EN-EL-BOTE-ARMANDO-AZPEITIA.-\u2013-Facebook-Armando-Azpeitia-Di\u0301az.jpeg 2048w, https:\/\/plazajuarez.mx\/historico\/wp-content\/uploads\/2022\/11\/YA-CON-UN-PIE-EN-EL-BOTE-ARMANDO-AZPEITIA.-\u2013-Facebook-Armando-Azpeitia-Di\u0301az-768x512.jpeg 768w, https:\/\/plazajuarez.mx\/historico\/wp-content\/uploads\/2022\/11\/YA-CON-UN-PIE-EN-EL-BOTE-ARMANDO-AZPEITIA.-\u2013-Facebook-Armando-Azpeitia-Di\u0301az-1536x1024.jpeg 1536w, https:\/\/plazajuarez.mx\/historico\/wp-content\/uploads\/2022\/11\/YA-CON-UN-PIE-EN-EL-BOTE-ARMANDO-AZPEITIA.-\u2013-Facebook-Armando-Azpeitia-Di\u0301az-274x183.jpeg 274w, https:\/\/plazajuarez.mx\/historico\/wp-content\/uploads\/2022\/11\/YA-CON-UN-PIE-EN-EL-BOTE-ARMANDO-AZPEITIA.-\u2013-Facebook-Armando-Azpeitia-Di\u0301az-80x54.jpeg 80w, https:\/\/plazajuarez.mx\/historico\/wp-content\/uploads\/2022\/11\/YA-CON-UN-PIE-EN-EL-BOTE-ARMANDO-AZPEITIA.-\u2013-Facebook-Armando-Azpeitia-Di\u0301az-130x87.jpeg 130w, https:\/\/plazajuarez.mx\/historico\/wp-content\/uploads\/2022\/11\/YA-CON-UN-PIE-EN-EL-BOTE-ARMANDO-AZPEITIA.-\u2013-Facebook-Armando-Azpeitia-Di\u0301az-359x240.jpeg 359w, https:\/\/plazajuarez.mx\/historico\/wp-content\/uploads\/2022\/11\/YA-CON-UN-PIE-EN-EL-BOTE-ARMANDO-AZPEITIA.-\u2013-Facebook-Armando-Azpeitia-Di\u0301az-85x57.jpeg 85w, https:\/\/plazajuarez.mx\/historico\/wp-content\/uploads\/2022\/11\/YA-CON-UN-PIE-EN-EL-BOTE-ARMANDO-AZPEITIA.-\u2013-Facebook-Armando-Azpeitia-Di\u0301az-546x365.jpeg 546w, https:\/\/plazajuarez.mx\/historico\/wp-content\/uploads\/2022\/11\/YA-CON-UN-PIE-EN-EL-BOTE-ARMANDO-AZPEITIA.-\u2013-Facebook-Armando-Azpeitia-Di\u0301az-165x109.jpeg 165w, https:\/\/plazajuarez.mx\/historico\/wp-content\/uploads\/2022\/11\/YA-CON-UN-PIE-EN-EL-BOTE-ARMANDO-AZPEITIA.-\u2013-Facebook-Armando-Azpeitia-Di\u0301az-112x75.jpeg 112w, https:\/\/plazajuarez.mx\/historico\/wp-content\/uploads\/2022\/11\/YA-CON-UN-PIE-EN-EL-BOTE-ARMANDO-AZPEITIA.-\u2013-Facebook-Armando-Azpeitia-Di\u0301az-179x120.jpeg 179w, https:\/\/plazajuarez.mx\/historico\/wp-content\/uploads\/2022\/11\/YA-CON-UN-PIE-EN-EL-BOTE-ARMANDO-AZPEITIA.-\u2013-Facebook-Armando-Azpeitia-Di\u0301az-170x113.jpeg 170w, https:\/\/plazajuarez.mx\/historico\/wp-content\/uploads\/2022\/11\/YA-CON-UN-PIE-EN-EL-BOTE-ARMANDO-AZPEITIA.-\u2013-Facebook-Armando-Azpeitia-Di\u0301az-81x55.jpeg 81w, https:\/\/plazajuarez.mx\/historico\/wp-content\/uploads\/2022\/11\/YA-CON-UN-PIE-EN-EL-BOTE-ARMANDO-AZPEITIA.-\u2013-Facebook-Armando-Azpeitia-Di\u0301az-765x510.jpeg 765w\" sizes=\"auto, (max-width: 2048px) 100vw, 2048px\" \/><\/figure>\n\n\n\n<p><strong>Aviso para que no digan: Esta columna se nutre de comentarios recabados por agencias del Recontra-Espionaje, muy similares a las que populariz\u00f3 el \u201cS\u00faper Agente 86\u201d en sus tiempos. Como tal lo que publicamos puede que sea cierto, puede que no, o todo lo contrario. Est\u00e1 usted en libertad de creer o no lo que lee, recontra-enojarse, recontra- carcajearse y hasta recontra-recordarnos a nuestra jefecita (nosotros recontra-haremos lo propio). Avisado est\u00e1 usted.&nbsp;<\/strong><\/p>\n\n\n\n<p><strong>desexenterado@gmail.com @desexenterado&nbsp;<\/strong><\/p>\n","protected":false},"excerpt":{"rendered":"<p>YA VIENE LA GUADA\u00d1A. \u2013 Pues no, el asunto del mar de se\u00f1alamientos contra obras y funcionarios del pasado r\u00e9gimen, aseguran los que saben, no se quedar\u00e1 en puro borlote, y antes que termine el presente mes, se dar\u00e1 a conocer el nombre de los que pasar\u00e1n pat\u00e9ticas fiestas decembrinas. No son tantos como se [&hellip;]<\/p>\n","protected":false},"author":93,"featured_media":234681,"comment_status":"closed","ping_status":"closed","sticky":false,"template":"","format":"standard","meta":{"footnotes":""},"categories":[83],"tags":[],"class_list":["post-236978","post","type-post","status-publish","format-standard","has-post-thumbnail","hentry","category-dese-por-enterado"],"_links":{"self":[{"href":"https:\/\/plazajuarez.mx\/historico\/wp-json\/wp\/v2\/posts\/236978","targetHints":{"allow":["GET"]}}],"collection":[{"href":"https:\/\/plazajuarez.mx\/historico\/wp-json\/wp\/v2\/posts"}],"about":[{"href":"https:\/\/plazajuarez.mx\/historico\/wp-json\/wp\/v2\/types\/post"}],"author":[{"embeddable":true,"href":"https:\/\/plazajuarez.mx\/historico\/wp-json\/wp\/v2\/users\/93"}],"replies":[{"embeddable":true,"href":"https:\/\/plazajuarez.mx\/historico\/wp-json\/wp\/v2\/comments?post=236978"}],"version-history":[{"count":0,"href":"https:\/\/plazajuarez.mx\/historico\/wp-json\/wp\/v2\/posts\/236978\/revisions"}],"wp:featuredmedia":[{"embeddable":true,"href":"https:\/\/plazajuarez.mx\/historico\/wp-json\/wp\/v2\/media\/234681"}],"wp:attachment":[{"href":"https:\/\/plazajuarez.mx\/historico\/wp-json\/wp\/v2\/media?parent=236978"}],"wp:term":[{"taxonomy":"category","embeddable":true,"href":"https:\/\/plazajuarez.mx\/historico\/wp-json\/wp\/v2\/categories?post=236978"},{"taxonomy":"post_tag","embeddable":true,"href":"https:\/\/plazajuarez.mx\/historico\/wp-json\/wp\/v2\/tags?post=236978"}],"curies":[{"name":"wp","href":"https:\/\/api.w.org\/{rel}","templated":true}]}}