{"id":236850,"date":"2022-11-03T09:33:19","date_gmt":"2022-11-03T15:33:19","guid":{"rendered":"https:\/\/plazajuarez.mx\/?p=236850"},"modified":"2022-11-03T09:33:24","modified_gmt":"2022-11-03T15:33:24","slug":"todos-estamos-muertos","status":"publish","type":"post","link":"https:\/\/plazajuarez.mx\/historico\/todos-estamos-muertos\/","title":{"rendered":"Todos estamos muertos"},"content":{"rendered":"\n<h2 class=\"wp-block-heading\">Letras y Memorias<\/h2>\n\n\n\n<p>Bajo el cobijo del humo sacro producto del sahumerio, la mirada se perdi\u00f3 en un punto fijo de aquella ofrenda que se entrega a quienes ya no est\u00e1n ac\u00e1, donde el resto seguimos padeciendo y de vez en vez, riendo.&nbsp;<\/p>\n\n\n\n<p>Adornan la casa los p\u00e9talos de las flores ancestrales que gu\u00edan los caminos largos y tediosos de los que un d\u00eda se despidieron de uno, con la promesa de que all\u00e1, al otro lado de la vida, habr\u00edamos de encontrarnos para chocar las copas y brindar por las memorias, agradecidos por haberlas vivido.&nbsp;<\/p>\n\n\n\n<p>Y as\u00ed, en el marco del D\u00eda de Muertos, los pensamientos cansados buscan al padre, la madre, el abuelo o los hijos que vieron segada su historia cuando alguna especie de capricho celestial, decidi\u00f3 que ya nada m\u00e1s pod\u00edan hacer ac\u00e1, con nosotros, pisando un mundo que teme tanto a la muerte, que evita a toda costa mencionarla como si eso la fuera a ahuyentar.&nbsp;<\/p>\n\n\n\n<p>No pocas veces, cuando se habla de morir, nos olvidamos de que es lo \u00fanico cierto de la vida. Y adem\u00e1s, nos olvidamos de que por m\u00e1s virtud que haya en nuestra piel, todos sin excepci\u00f3n, andamos contra nuestra voluntad, rumbo a la morada final en la que aguardan por nuestra alma los que se fueron, algunos sin avisar.<\/p>\n\n\n\n<p>De cierta manera, podr\u00edamos decir que todos nacemos muertos, o m\u00e1s bien, todos estamos muertos\u2026 bueno, mejor dicho, \u201ctodos nacemos destinados a morir\u201d. Y, a\u00fan sabiendo el destino que nos espera, nos aferramos a creer que alg\u00fan d\u00eda la ciencia ser\u00e1 tan poderosa que podr\u00e1 evitarnos la cita con la muerte, cuando ni los dioses mismos han podido escapar de esa traves\u00eda por los inframundos.&nbsp;<\/p>\n\n\n\n<p>Todos estamos muertos. Los del mundo de los vivos, hace tiempo que andamos por la existencia nom\u00e1s as\u00ed, andando, dando de vueltas sin encontrar el fin de esas andanzas, empe\u00f1ando lo que no tenemos para evadir aquello que s\u00ed nos pertenece. Vamos conociendo gente que est\u00e1 tan muerta como los que yacen en los panteones, con la \u00fanica diferencia de que, los que ya tuvieron su principio y cierre, van a volver cuando noviembre comience, mientras que el resto, los moribundos con carne y huesos, no contamos con fecha de retorno, pues no se puede volver a un sitio, del que los pies nunca se han despegado.<\/p>\n\n\n\n<p>De cierta forma, estamos muertos y todo es culpa de que, las ense\u00f1anzas que nos dieron en torno a la muerte sabia y su hoz, fueron err\u00f3neas desde el comienzo. Estamos muertos porque nos inculcaron el miedo a dejar de existir, y por ende, uno se ocup\u00f3 m\u00e1s de eso, que de comenzar a vivir. Luego entonces, cuando se acerca el fin, queremos con todas las fuerzas restantes, un ratito m\u00e1s en esta tierra, jurando que si la divinidad nos concede ese deseo, cambiar\u00e1 todo lo que antes hicimos\u2026 Pero ac\u00e1 no hay espacio para cumplir caprichos, porque seguro a esa calaca tilica y flaca, le molesta en gran medida que le impidan hacer su trabajo con s\u00faplicas penosas.&nbsp;<\/p>\n\n\n\n<p>Y es que, \u00bfpor qu\u00e9 uno espera hasta ese punto para querer empezar a vivir, cuando lo ideal ser\u00eda hacerlo desde el d\u00eda uno que estamos aqu\u00ed?<\/p>\n\n\n\n<p>Nunca entender\u00e9 esos motivos y razones. Nunca entender\u00e9 por qu\u00e9 la \u00fanica certeza que tiene todo ser vivo, causa tanto miedo y, es el horror el que al final conduce tal y cual decisi\u00f3n, esta o aquella sensaci\u00f3n.<\/p>\n\n\n\n<p>De cierta manera, y si vale la expresi\u00f3n, mientras m\u00e1s convive uno con los que se dicen \u201cvivos\u201d, m\u00e1s motivos nos dan para concluir que, en efecto, ac\u00e1 todos estamos muertos.&nbsp;<\/p>\n\n\n\n<p><strong>\u00a1Hasta el pr\u00f3ximo jueves!<\/strong><\/p>\n\n\n\n<p><strong>Postdata: <\/strong><em>Siguiendo esta premisa, doy por hecho que el \u201cD\u00eda de Muertos\u201d, se deber\u00eda celebrar a diario.&nbsp;<\/em><\/p>\n\n\n\n<p><strong>Mi Twitter:<\/strong> <em>@CamaradaEslava&nbsp;<\/em><\/p>\n\n\n\n<p><strong>Mi correo electr\u00f3nico: <\/strong><a href=\"mailto:osmareslava@plazajuarez.mx\/historico\/historico\"><em>osmareslava@plazajuarez.mx\/historico\/historico<\/em><\/a><em>&nbsp;<\/em><\/p>\n","protected":false},"excerpt":{"rendered":"<p>Letras y Memorias Bajo el cobijo del humo sacro producto del sahumerio, la mirada se perdi\u00f3 en un punto fijo de aquella ofrenda que se entrega a quienes ya no est\u00e1n ac\u00e1, donde el resto seguimos padeciendo y de vez en vez, riendo.&nbsp; Adornan la casa los p\u00e9talos de las flores ancestrales que gu\u00edan los [&hellip;]<\/p>\n","protected":false},"author":95,"featured_media":234892,"comment_status":"closed","ping_status":"closed","sticky":false,"template":"","format":"standard","meta":{"footnotes":""},"categories":[42,84],"tags":[],"class_list":["post-236850","post","type-post","status-publish","format-standard","has-post-thumbnail","hentry","category-nuestrapalabra","category-osmar-eslava-marquez"],"_links":{"self":[{"href":"https:\/\/plazajuarez.mx\/historico\/wp-json\/wp\/v2\/posts\/236850","targetHints":{"allow":["GET"]}}],"collection":[{"href":"https:\/\/plazajuarez.mx\/historico\/wp-json\/wp\/v2\/posts"}],"about":[{"href":"https:\/\/plazajuarez.mx\/historico\/wp-json\/wp\/v2\/types\/post"}],"author":[{"embeddable":true,"href":"https:\/\/plazajuarez.mx\/historico\/wp-json\/wp\/v2\/users\/95"}],"replies":[{"embeddable":true,"href":"https:\/\/plazajuarez.mx\/historico\/wp-json\/wp\/v2\/comments?post=236850"}],"version-history":[{"count":0,"href":"https:\/\/plazajuarez.mx\/historico\/wp-json\/wp\/v2\/posts\/236850\/revisions"}],"wp:featuredmedia":[{"embeddable":true,"href":"https:\/\/plazajuarez.mx\/historico\/wp-json\/wp\/v2\/media\/234892"}],"wp:attachment":[{"href":"https:\/\/plazajuarez.mx\/historico\/wp-json\/wp\/v2\/media?parent=236850"}],"wp:term":[{"taxonomy":"category","embeddable":true,"href":"https:\/\/plazajuarez.mx\/historico\/wp-json\/wp\/v2\/categories?post=236850"},{"taxonomy":"post_tag","embeddable":true,"href":"https:\/\/plazajuarez.mx\/historico\/wp-json\/wp\/v2\/tags?post=236850"}],"curies":[{"name":"wp","href":"https:\/\/api.w.org\/{rel}","templated":true}]}}