{"id":236844,"date":"2022-11-03T09:30:35","date_gmt":"2022-11-03T15:30:35","guid":{"rendered":"https:\/\/plazajuarez.mx\/?p=236844"},"modified":"2022-11-03T09:52:10","modified_gmt":"2022-11-03T15:52:10","slug":"avanza-76-la-limpieza-de-la-laguna-de-tecocomulco","status":"publish","type":"post","link":"https:\/\/plazajuarez.mx\/historico\/avanza-76-la-limpieza-de-la-laguna-de-tecocomulco\/","title":{"rendered":"Avanza 76% la limpieza de la Laguna de Tecocomulco"},"content":{"rendered":"\n<p>La Secretar\u00eda de Medio Ambiente y Recursos Naturales de Hidalgo (SEMARNATH), encabezada por Patricia Mixtega Trejo, anunci\u00f3 un avance del 76 por ciento en la limpieza de la Laguna de Tecocomulco.<\/p>\n\n\n\n<p>En ese sentido, la dependencia ambiental sostuvo la segunda reuni\u00f3n del grupo t\u00e9cnico operativo del \u201cProyecto de restauraci\u00f3n ecol\u00f3gica de la Laguna de Tecocomulco\u201d, en donde se report\u00f3 un avance del 76.70 por ciento en la limpieza y control del lirio acu\u00e1tico, lo que corresponde a 109.52 hect\u00e1reas intervenidas; 90.93 hect\u00e1reas de forma mec\u00e1nica y 18.59 de forma manual en dicho cuerpo de agua.<\/p>\n\n\n\n<p>Por otro lado, tambi\u00e9n se dieron a conocer las estrategias de fortalecimiento del proyecto, como el control integral de lirio acu\u00e1tico en la Laguna del Puerco y la presa \u201cAlcantarillas\u201d, con la finalidad de evitar la reproducci\u00f3n de esta maleza acu\u00e1tica.<\/p>\n\n\n\n<p>Adem\u00e1s, anunciaron que se pretende consolidar un inventario orni-faun\u00edstico y un listado de biodiversidad presente en la laguna, aunado a estrategias de reforestaci\u00f3n en zonas vulnerables, de control y sanidad forestal; as\u00ed como la recuperaci\u00f3n de suelos degradados para favorecer la conservaci\u00f3n de la biodiversidad.<\/p>\n","protected":false},"excerpt":{"rendered":"<p>La Secretar\u00eda de Medio Ambiente y Recursos Naturales de Hidalgo (SEMARNATH), encabezada por Patricia Mixtega Trejo, anunci\u00f3 un avance del 76 por ciento en la limpieza de la Laguna de Tecocomulco. En ese sentido, la dependencia ambiental sostuvo la segunda reuni\u00f3n del grupo t\u00e9cnico operativo del \u201cProyecto de restauraci\u00f3n ecol\u00f3gica de la Laguna de Tecocomulco\u201d, [&hellip;]<\/p>\n","protected":false},"author":73,"featured_media":236879,"comment_status":"closed","ping_status":"closed","sticky":false,"template":"","format":"standard","meta":{"footnotes":""},"categories":[59,2159],"tags":[],"class_list":["post-236844","post","type-post","status-publish","format-standard","has-post-thumbnail","hentry","category-general","category-noticias-de-hidalgo"],"_links":{"self":[{"href":"https:\/\/plazajuarez.mx\/historico\/wp-json\/wp\/v2\/posts\/236844","targetHints":{"allow":["GET"]}}],"collection":[{"href":"https:\/\/plazajuarez.mx\/historico\/wp-json\/wp\/v2\/posts"}],"about":[{"href":"https:\/\/plazajuarez.mx\/historico\/wp-json\/wp\/v2\/types\/post"}],"author":[{"embeddable":true,"href":"https:\/\/plazajuarez.mx\/historico\/wp-json\/wp\/v2\/users\/73"}],"replies":[{"embeddable":true,"href":"https:\/\/plazajuarez.mx\/historico\/wp-json\/wp\/v2\/comments?post=236844"}],"version-history":[{"count":0,"href":"https:\/\/plazajuarez.mx\/historico\/wp-json\/wp\/v2\/posts\/236844\/revisions"}],"wp:featuredmedia":[{"embeddable":true,"href":"https:\/\/plazajuarez.mx\/historico\/wp-json\/wp\/v2\/media\/236879"}],"wp:attachment":[{"href":"https:\/\/plazajuarez.mx\/historico\/wp-json\/wp\/v2\/media?parent=236844"}],"wp:term":[{"taxonomy":"category","embeddable":true,"href":"https:\/\/plazajuarez.mx\/historico\/wp-json\/wp\/v2\/categories?post=236844"},{"taxonomy":"post_tag","embeddable":true,"href":"https:\/\/plazajuarez.mx\/historico\/wp-json\/wp\/v2\/tags?post=236844"}],"curies":[{"name":"wp","href":"https:\/\/api.w.org\/{rel}","templated":true}]}}