{"id":236829,"date":"2022-11-03T09:27:07","date_gmt":"2022-11-03T15:27:07","guid":{"rendered":"https:\/\/plazajuarez.mx\/?p=236829"},"modified":"2022-11-03T09:27:13","modified_gmt":"2022-11-03T15:27:13","slug":"celebran-a-la-nina-blanca-2","status":"publish","type":"post","link":"https:\/\/plazajuarez.mx\/historico\/celebran-a-la-nina-blanca-2\/","title":{"rendered":"Celebran a la Ni\u00f1a Blanca"},"content":{"rendered":"\n<p>Como en su momento lo hab\u00eda pronosticado Oscar \u201cel Perro\u201d Pelcastre Almanza, cientos de fieles y devotos acudieron a la Catedral de la Santa Muerte ubicada en la colonia Plutarco El\u00edas Calles de Pachuca, para venerar a la Ni\u00f1a Blanca, agradecer los favores recibidos, y algunos, para pagar dichos favores.<\/p>\n\n\n\n<p>De igual forma, cientos de seguidores de este culto, realizaron una procesi\u00f3n por las principales calles, acompa\u00f1ados de bandas de viento y decenas de figuras de la muerte tambi\u00e9n conocida como \u201cLa Madrina\u201d.<\/p>\n\n\n<div class=\"wp-block-image\">\n<figure class=\"aligncenter size-full\"><img loading=\"lazy\" decoding=\"async\" width=\"720\" height=\"1280\" src=\"https:\/\/plazajuarez.mx\/historico\/historico\/wp-content\/uploads\/2022\/11\/EN-PACHUCA-Celebran-a-la-Nin\u0303a-Blanca-O\u0301scar-Pe\u0301rez-Cabrera-1.jpg\" alt=\"\" class=\"wp-image-236831\"\/><\/figure>\n<\/div>\n\n\n<p>Durante el recorrido no faltaron las porras a la Ni\u00f1a Blanca y tampoco el malestar de algunas personas, aunque los seguidores dijeron para <em>Diario Plaza Ju\u00e1rez<\/em> que ellos no est\u00e1n peleados con ninguna religi\u00f3n, aunque reconocieron que los cat\u00f3licos y cristianos no han tenido tolerancia a sus creencias.&nbsp;<\/p>\n\n\n\n<p>\u201cNosotros s\u00f3lo pedimos respeto, no obligamos a nadie a&nbsp; que crea y sabemos respetar\u201d, dijo uno de los participantes, y agreg\u00f3 que van m\u00e1s de seis a\u00f1os en que acude a la Catedral la Santa Muerte, en donde, tras la procesi\u00f3n, bendicen las im\u00e1genes y comienza la repartici\u00f3n de comida gratis que otorgan algunos devotos a gente llega al lugar.&nbsp;<\/p>\n\n\n<div class=\"wp-block-image\">\n<figure class=\"aligncenter size-full\"><img loading=\"lazy\" decoding=\"async\" width=\"1200\" height=\"1599\" src=\"https:\/\/plazajuarez.mx\/historico\/historico\/wp-content\/uploads\/2022\/11\/EN-PACHUCA-Celebran-a-la-Nin\u0303a-Blanca-O\u0301scar-Pe\u0301rez-Cabrera-2.jpg\" alt=\"\" class=\"wp-image-236832\" srcset=\"https:\/\/plazajuarez.mx\/historico\/wp-content\/uploads\/2022\/11\/EN-PACHUCA-Celebran-a-la-Nin\u0303a-Blanca-O\u0301scar-Pe\u0301rez-Cabrera-2.jpg 1200w, https:\/\/plazajuarez.mx\/historico\/wp-content\/uploads\/2022\/11\/EN-PACHUCA-Celebran-a-la-Nin\u0303a-Blanca-O\u0301scar-Pe\u0301rez-Cabrera-2-768x1023.jpg 768w, https:\/\/plazajuarez.mx\/historico\/wp-content\/uploads\/2022\/11\/EN-PACHUCA-Celebran-a-la-Nin\u0303a-Blanca-O\u0301scar-Pe\u0301rez-Cabrera-2-1153x1536.jpg 1153w\" sizes=\"auto, (max-width: 1200px) 100vw, 1200px\" \/><\/figure>\n<\/div>\n\n\n<p>Cabe destacar que, derivado del festejo, se llevan acabo diversos rituales, limpias, se cantan las ma\u00f1anitas con Mariachi y algunos aprovechan tambi\u00e9n para cargar con su imagen del Angelito Negro , visitan el denominado Palacio de Luzbel y adquieren alg\u00fan dije o amuleto.<\/p>\n\n\n\n<p>Finalmente, la fiesta concluy\u00f3 con un baile sonidero y la repartici\u00f3n de pastel, tamales y caf\u00e9; de esta forma, cientos de seguidores de la Ni\u00f1a Blanca festejaron en su d\u00eda, acudieron a su Catedral procedentes de colonias aleda\u00f1as, otros municipios e incluso de otros estados del pa\u00eds.<\/p>\n\n\n<div class=\"wp-block-image\">\n<figure class=\"aligncenter size-full\"><img loading=\"lazy\" decoding=\"async\" width=\"1200\" height=\"1599\" src=\"https:\/\/plazajuarez.mx\/historico\/historico\/wp-content\/uploads\/2022\/11\/EN-PACHUCA-Celebran-a-la-Nin\u0303a-Blanca-O\u0301scar-Pe\u0301rez-Cabrera-3.jpg\" alt=\"\" class=\"wp-image-236833\" srcset=\"https:\/\/plazajuarez.mx\/historico\/wp-content\/uploads\/2022\/11\/EN-PACHUCA-Celebran-a-la-Nin\u0303a-Blanca-O\u0301scar-Pe\u0301rez-Cabrera-3.jpg 1200w, https:\/\/plazajuarez.mx\/historico\/wp-content\/uploads\/2022\/11\/EN-PACHUCA-Celebran-a-la-Nin\u0303a-Blanca-O\u0301scar-Pe\u0301rez-Cabrera-3-768x1023.jpg 768w, https:\/\/plazajuarez.mx\/historico\/wp-content\/uploads\/2022\/11\/EN-PACHUCA-Celebran-a-la-Nin\u0303a-Blanca-O\u0301scar-Pe\u0301rez-Cabrera-3-1153x1536.jpg 1153w\" sizes=\"auto, (max-width: 1200px) 100vw, 1200px\" \/><\/figure>\n<\/div>\n\n\n<p><\/p>\n","protected":false},"excerpt":{"rendered":"<p>Como en su momento lo hab\u00eda pronosticado Oscar \u201cel Perro\u201d Pelcastre Almanza, cientos de fieles y devotos acudieron a la Catedral de la Santa Muerte ubicada en la colonia Plutarco El\u00edas Calles de Pachuca, para venerar a la Ni\u00f1a Blanca, agradecer los favores recibidos, y algunos, para pagar dichos favores. De igual forma, cientos de [&hellip;]<\/p>\n","protected":false},"author":72,"featured_media":236830,"comment_status":"closed","ping_status":"closed","sticky":false,"template":"","format":"standard","meta":{"footnotes":""},"categories":[15,59,2159],"tags":[],"class_list":["post-236829","post","type-post","status-publish","format-standard","has-post-thumbnail","hentry","category-destacadas","category-general","category-noticias-de-hidalgo"],"_links":{"self":[{"href":"https:\/\/plazajuarez.mx\/historico\/wp-json\/wp\/v2\/posts\/236829","targetHints":{"allow":["GET"]}}],"collection":[{"href":"https:\/\/plazajuarez.mx\/historico\/wp-json\/wp\/v2\/posts"}],"about":[{"href":"https:\/\/plazajuarez.mx\/historico\/wp-json\/wp\/v2\/types\/post"}],"author":[{"embeddable":true,"href":"https:\/\/plazajuarez.mx\/historico\/wp-json\/wp\/v2\/users\/72"}],"replies":[{"embeddable":true,"href":"https:\/\/plazajuarez.mx\/historico\/wp-json\/wp\/v2\/comments?post=236829"}],"version-history":[{"count":0,"href":"https:\/\/plazajuarez.mx\/historico\/wp-json\/wp\/v2\/posts\/236829\/revisions"}],"wp:featuredmedia":[{"embeddable":true,"href":"https:\/\/plazajuarez.mx\/historico\/wp-json\/wp\/v2\/media\/236830"}],"wp:attachment":[{"href":"https:\/\/plazajuarez.mx\/historico\/wp-json\/wp\/v2\/media?parent=236829"}],"wp:term":[{"taxonomy":"category","embeddable":true,"href":"https:\/\/plazajuarez.mx\/historico\/wp-json\/wp\/v2\/categories?post=236829"},{"taxonomy":"post_tag","embeddable":true,"href":"https:\/\/plazajuarez.mx\/historico\/wp-json\/wp\/v2\/tags?post=236829"}],"curies":[{"name":"wp","href":"https:\/\/api.w.org\/{rel}","templated":true}]}}