{"id":236826,"date":"2022-11-03T09:24:40","date_gmt":"2022-11-03T15:24:40","guid":{"rendered":"https:\/\/plazajuarez.mx\/?p=236826"},"modified":"2022-11-03T09:24:45","modified_gmt":"2022-11-03T15:24:45","slug":"se-va-el-2022-incierto-2023","status":"publish","type":"post","link":"https:\/\/plazajuarez.mx\/historico\/se-va-el-2022-incierto-2023\/","title":{"rendered":"SE VA EL 2022, INCIERTO 2023"},"content":{"rendered":"\n<h2 class=\"wp-block-heading\">ALFIL NEGRO<\/h2>\n\n\n\n<p>Estamos ya en el pen\u00faltimo mes del a\u00f1o 2022, con el clima de fin de a\u00f1o, porque noviembre se va a pasar r\u00e1pido y ni se diga el mes de diciembre, cuando ya todo es en el tono de un periodo de tiempo que se termina, con las festividades propias de este mes como son la gran fiesta de la Virgen de Guadalupe, las posadas, las vacaciones de esta temporada, la fiesta de la Navidad, y el remate del fin de a\u00f1o y la llegada de un nuevo a\u00f1o con las cifras 2023.<\/p>\n\n\n\n<p>Estamos saliendo de m\u00e1s de dos a\u00f1os de circunstancias muy especiales por la pandemia, iniciada un 19 de marzo del 2020 y con miles de contagiados y m\u00e1s de 8 mil fallecidos, que provoc\u00f3 cambios fuertes y rudos en la vida social y en todos los \u00f3rdenes en todo el mundo y desde luego en nuestro estado de Hidalgo.<\/p>\n\n\n\n<p><strong>No fue un tiempo de vida normal.<\/strong><\/p>\n\n\n\n<p>Todos los \u00f3rdenes de la vida se alteraron y se provocaron cambios en lo laboral, cultural, educativo, pol\u00edtico y hasta religioso.<\/p>\n\n\n\n<p>Fue un tiempo terrible en que el gobierno del estado busc\u00f3 respuestas en la instalaci\u00f3n de hospitales y el concurso invaluable del personal m\u00e9dico que merecen todo el reconocimiento por su entrega y profesionalismo.<\/p>\n\n\n\n<p>Los n\u00fameros son muy claros del desastre que fue la pandemia.<\/p>\n\n\n\n<p>Casi no hubo hogares que no fueran afectados por esta enfermedad del Covid, y hubo y hay luto todav\u00eda en muchas casas por la p\u00e9rdida de alg\u00fan ser amado.<\/p>\n\n\n\n<p>Afortunadamente,la pandemia ha cedido mucho entre otras cosas por las vacunas que llegaron a defender la salud de millones de hidalguenses.<\/p>\n\n\n\n<p>Habr\u00e1 que estar muy atentos para ver por d\u00f3nde siguen las cosas, porque de ninguna manera se puede decir que la pandemia ya pas\u00f3. Ser\u00e1 cuesti\u00f3n de mantener la guardia en alto para no sufrir las consecuencias.<\/p>\n\n\n\n<p>EN LO POL\u00cdTICO, el a\u00f1o 2022 se recordar\u00e1 como el a\u00f1o en que lleg\u00f3 la alternancia a nuestro estado, con el gobernador JULIO MENCHACA, de un partido distinto al PRI, que despu\u00e9s de casi cien a\u00f1os, perdi\u00f3 el poder Ejecutivo a manos de Morena y finalmente del deseo de la gente de ver gentes nuevas en el gobierno.<\/p>\n\n\n\n<p>Este nuevo gobierno est\u00e1 por cumplir dos meses de estar al frente de los destinos del estado, lo que la verdad es muy poco tiempo, pero sin duda con manifestaciones ya muy claras de por d\u00f3nde quiere llevar a Hidalgo.<\/p>\n\n\n\n<p>Ha merecido todo el apoyo popular la decisi\u00f3n de combatir con todo a la corrupci\u00f3n, empezando por poner en su lugar a quienes desde puestos p\u00fablicos aprovecharon estas oportunidades para llevarse dinero p\u00fablico a sus cuentas particulares, como en el caso de 13 alcaldes que ahora est\u00e1 casi con un pie en la c\u00e1rcel por deshonestos, as\u00ed como funcionarios de m\u00e1s alto nivel.<\/p>\n\n\n\n<p>Esto ha sido bien recibido y se cuenta con todo el apoyo de la gente.<\/p>\n\n\n\n<p>Quiz\u00e1, sin embargo, algunos de los nuevos funcionarios deber\u00edan preocuparse m\u00e1s por sus obligaciones que en andar de cazadores de corruptos, porque para eso hay encargados por ley.<\/p>\n\n\n\n<p>Pero viste mucho denunciar a corruptos, y m\u00e1s de uno de los nuevos se da vuelo, denunciando lo que creen que es corrupci\u00f3n.<\/p>\n\n\n\n<p>Tomar en cuenta la voz popular para el Plan Estatal de Desarrollo es una estrategia buena, aunque no nueva, porque es una idea que se maneja en cada sexenio, pero sin duda medida sana y que involucra a todos para definir el camino del estado.<\/p>\n\n\n\n<p>Es muy poco tiempo todav\u00eda. Casi dos meses, que son pocos d\u00edas, pero que ya nos dicen por d\u00f3nde van las decisiones.<\/p>\n\n\n\n<p>Estamos saliendo de unos a\u00f1os terribles de miedo y de muerte por la pandemia, esperamos el sol de la seguridad, porque la inseguridad se ha convertido en un reto para esta nueva administraci\u00f3n .<\/p>\n\n\n\n<p><strong>Estamos empezando.<\/strong><\/p>\n\n\n\n<p><strong>Se termina el 2022 y casi arranca el 2023.<\/strong><\/p>\n\n\n\n<p><strong>\u00a1Qu\u00e9 sea un buen a\u00f1o!<\/strong><\/p>\n","protected":false},"excerpt":{"rendered":"<p>ALFIL NEGRO Estamos ya en el pen\u00faltimo mes del a\u00f1o 2022, con el clima de fin de a\u00f1o, porque noviembre se va a pasar r\u00e1pido y ni se diga el mes de diciembre, cuando ya todo es en el tono de un periodo de tiempo que se termina, con las festividades propias de este mes [&hellip;]<\/p>\n","protected":false},"author":83,"featured_media":234680,"comment_status":"closed","ping_status":"closed","sticky":false,"template":"","format":"standard","meta":{"footnotes":""},"categories":[48,42],"tags":[],"class_list":["post-236826","post","type-post","status-publish","format-standard","has-post-thumbnail","hentry","category-adalberto-peralta","category-nuestrapalabra"],"_links":{"self":[{"href":"https:\/\/plazajuarez.mx\/historico\/wp-json\/wp\/v2\/posts\/236826","targetHints":{"allow":["GET"]}}],"collection":[{"href":"https:\/\/plazajuarez.mx\/historico\/wp-json\/wp\/v2\/posts"}],"about":[{"href":"https:\/\/plazajuarez.mx\/historico\/wp-json\/wp\/v2\/types\/post"}],"author":[{"embeddable":true,"href":"https:\/\/plazajuarez.mx\/historico\/wp-json\/wp\/v2\/users\/83"}],"replies":[{"embeddable":true,"href":"https:\/\/plazajuarez.mx\/historico\/wp-json\/wp\/v2\/comments?post=236826"}],"version-history":[{"count":0,"href":"https:\/\/plazajuarez.mx\/historico\/wp-json\/wp\/v2\/posts\/236826\/revisions"}],"wp:featuredmedia":[{"embeddable":true,"href":"https:\/\/plazajuarez.mx\/historico\/wp-json\/wp\/v2\/media\/234680"}],"wp:attachment":[{"href":"https:\/\/plazajuarez.mx\/historico\/wp-json\/wp\/v2\/media?parent=236826"}],"wp:term":[{"taxonomy":"category","embeddable":true,"href":"https:\/\/plazajuarez.mx\/historico\/wp-json\/wp\/v2\/categories?post=236826"},{"taxonomy":"post_tag","embeddable":true,"href":"https:\/\/plazajuarez.mx\/historico\/wp-json\/wp\/v2\/tags?post=236826"}],"curies":[{"name":"wp","href":"https:\/\/api.w.org\/{rel}","templated":true}]}}