{"id":236823,"date":"2022-11-03T09:23:48","date_gmt":"2022-11-03T15:23:48","guid":{"rendered":"https:\/\/plazajuarez.mx\/?p=236823"},"modified":"2022-11-03T09:23:53","modified_gmt":"2022-11-03T15:23:53","slug":"el-poder-donde-hasta-el-mas-cuerdo-y-preparado-llega-a-perder-la-razon","status":"publish","type":"post","link":"https:\/\/plazajuarez.mx\/historico\/el-poder-donde-hasta-el-mas-cuerdo-y-preparado-llega-a-perder-la-razon\/","title":{"rendered":"El poder: donde hasta el m\u00e1s cuerdo y\u00a0preparado, llega a perder la raz\u00f3n"},"content":{"rendered":"\n<h2 class=\"wp-block-heading\">RETRATOS HABLADOS<\/h2>\n\n\n\n<p>No hay nada como el tiempo para comprender lo que es m\u00e1s importante en los terrenos de la pol\u00edtica, al menos para quien siempre ha ejercido el papel de observador. Con todo y que por momentos cunde la desesperaci\u00f3n por observar la serie de espec\u00edmenes que se cuelan a cargos de elecci\u00f3n popular, y que esto ha llevado a la aventura pol\u00edtica a connotados periodistas del pa\u00eds, uno de ellos el ya fallecido Miguel \u00c1ngel Granados Chapa, casi siempre los resultados han sido negativos.<\/p>\n\n\n\n<p>Muerto el 16 de octubre de 2011, el realmontense logr\u00f3, sin embargo, despertar la conciencia de muchas personas sobre la honestidad intelectual, y la leal y real convicci\u00f3n de intentar hacer algo por su patria chica, al aceptar contender por la gubernatura de la entidad.<\/p>\n\n\n\n<p>Para suerte de muchos que lo le\u00edamos cotidianamente, perdimos a un nuevo personaje de la pol\u00edtica, pero conservamos al maestro del periodismo, desde donde trabaj\u00f3 hasta casi el d\u00eda de su partida en la tarea de orientarnos acerca de los hechos pol\u00edticos, sociales y econ\u00f3micos, con base a un profundo conocimiento de los acontecimientos, pero fundamentalmente una visi\u00f3n que siempre busc\u00f3 no tergiversar la realidad en beneficio de tal o cual corriente ideol\u00f3gica.<\/p>\n\n\n\n<p>Pocos con una preparaci\u00f3n acad\u00e9mica tan amplia, pero sobre todo un conocimiento \u00fanico del ejercicio del poder de primera mano. Conoc\u00eda a los que ejerc\u00edan el mando del pa\u00eds y confirm\u00f3 que no siempre resultaban ser los m\u00e1s indicados. En ello, en la impaciencia para generar mejores condiciones de vida para sus paisanos, es que decidi\u00f3 aceptar la invitaci\u00f3n a ser candidato a un cargo de elecci\u00f3n popular.&nbsp;<\/p>\n\n\n\n<p>Ante el escenario del tiempo prevalece su trabajo como periodista, su inter\u00e9s porque las nuevas generaciones se prepararan m\u00e1s.<\/p>\n\n\n\n<p>El tiempo, le anotaba al arranque de este texto, nos muestra con m\u00e1s claridad lo que hasta hace 10, 20, 30 a\u00f1os, consider\u00e1bamos una verdad casi absoluta cuando mir\u00e1bamos los entretelones, en que un grupo de personas peleaban por el poder.<\/p>\n\n\n\n<p>El tiempo tambi\u00e9n nos invita a ser m\u00e1s reflexivos, porque de otro modo poco hubiera valido la pena tanta tinta, tantas palabras escritas.<\/p>\n\n\n\n<p>Pocos hechos cambian en realidad. Las historias tienden a repetirse hasta el infinito, y la gracia de sobrevivirnos a nosotros mismos, nos permite observar que, guste o no, casi todo tiende a dividirse entre los que se dicen buenos, y a los que les dicen malos. Existe esta absurda separaci\u00f3n que pretende crear de un lado seres inmaculados, y del otro a los condenados al mismo infierno.<\/p>\n\n\n\n<p>No hay tal, y lo sabemos.<\/p>\n\n\n\n<p>A lo largo de la constancia en el escribir casi todos los d\u00edas, practicamos durante m\u00e1s tiempo de lo debido esa tendencia a ver el horizonte en solo dos posibilidades: negro o blanco.<\/p>\n\n\n\n<p>Eso es falso, al final de cuentas los que suben al escenario son simples seres humanos, falibles, temerosos en ocasiones, plenos de desesperaci\u00f3n en algunos momentos y sin respuesta para todo. Se parecen mucho, nos parecemos mucho, pero la diferencia es que nosotros solo observamos.<\/p>\n\n\n\n<p>Es el tiempo el que lleva a pensar una y otra vez lo que se escribe, as\u00ed solo sean unos cuantos los que se tomen el trabajo de leernos. Pero con eso es suficiente, porque casi siempre se escribe para uno mismo, y eso resulta ser lo m\u00e1s honesto.<\/p>\n\n\n\n<p>El tiempo ense\u00f1a que debemos pensar m\u00e1s, sembrar en el lector por lo menos la curiosidad por indagar algo m\u00e1s que los detalles curiosos del mundo de la pol\u00edtica, para entrar al escenario del poder, que es justo donde el m\u00e1s cuerdo y preparado puede perder la raz\u00f3n.<\/p>\n\n\n\n<p>Mil gracias, hasta ma\u00f1ana.<\/p>\n\n\n\n<p><a href=\"mailto:jeperalta@plazajuarez.mx\/historico\/historico\">jeperalta@plazajuarez.mx\/historico\/historico<\/a><\/p>\n\n\n\n<p>@JavierEPeralta<\/p>\n","protected":false},"excerpt":{"rendered":"<p>RETRATOS HABLADOS No hay nada como el tiempo para comprender lo que es m\u00e1s importante en los terrenos de la pol\u00edtica, al menos para quien siempre ha ejercido el papel de observador. Con todo y que por momentos cunde la desesperaci\u00f3n por observar la serie de espec\u00edmenes que se cuelan a cargos de elecci\u00f3n popular, [&hellip;]<\/p>\n","protected":false},"author":10,"featured_media":234662,"comment_status":"closed","ping_status":"closed","sticky":false,"template":"","format":"standard","meta":{"footnotes":""},"categories":[49,42],"tags":[],"class_list":["post-236823","post","type-post","status-publish","format-standard","has-post-thumbnail","hentry","category-javier-peralta","category-nuestrapalabra"],"_links":{"self":[{"href":"https:\/\/plazajuarez.mx\/historico\/wp-json\/wp\/v2\/posts\/236823","targetHints":{"allow":["GET"]}}],"collection":[{"href":"https:\/\/plazajuarez.mx\/historico\/wp-json\/wp\/v2\/posts"}],"about":[{"href":"https:\/\/plazajuarez.mx\/historico\/wp-json\/wp\/v2\/types\/post"}],"author":[{"embeddable":true,"href":"https:\/\/plazajuarez.mx\/historico\/wp-json\/wp\/v2\/users\/10"}],"replies":[{"embeddable":true,"href":"https:\/\/plazajuarez.mx\/historico\/wp-json\/wp\/v2\/comments?post=236823"}],"version-history":[{"count":0,"href":"https:\/\/plazajuarez.mx\/historico\/wp-json\/wp\/v2\/posts\/236823\/revisions"}],"wp:featuredmedia":[{"embeddable":true,"href":"https:\/\/plazajuarez.mx\/historico\/wp-json\/wp\/v2\/media\/234662"}],"wp:attachment":[{"href":"https:\/\/plazajuarez.mx\/historico\/wp-json\/wp\/v2\/media?parent=236823"}],"wp:term":[{"taxonomy":"category","embeddable":true,"href":"https:\/\/plazajuarez.mx\/historico\/wp-json\/wp\/v2\/categories?post=236823"},{"taxonomy":"post_tag","embeddable":true,"href":"https:\/\/plazajuarez.mx\/historico\/wp-json\/wp\/v2\/tags?post=236823"}],"curies":[{"name":"wp","href":"https:\/\/api.w.org\/{rel}","templated":true}]}}