{"id":236819,"date":"2022-11-03T09:22:20","date_gmt":"2022-11-03T15:22:20","guid":{"rendered":"https:\/\/plazajuarez.mx\/?p=236819"},"modified":"2022-11-03T09:22:27","modified_gmt":"2022-11-03T15:22:27","slug":"mantienen-medidas-preventivas-por-casos-de-viruela-simica","status":"publish","type":"post","link":"https:\/\/plazajuarez.mx\/historico\/mantienen-medidas-preventivas-por-casos-de-viruela-simica\/","title":{"rendered":"Mantienen medidas preventivas por casos de viruela s\u00edmica"},"content":{"rendered":"\n<p>Despu\u00e9s de que el pasado 27 de mayo, se confirmara el primer caso de viruela s\u00edmica en el pa\u00eds, se activ\u00f3 la transmisi\u00f3n comunitaria en las entidades federativas. Hasta el 17 de octubre del presente a\u00f1o se han confirmado en M\u00e9xico, 2,468 contagios de viruela s\u00edmica en los 32 estados de acuerdo con el Informe T\u00e9cnico Semanal de Vigilancia Epidemiol\u00f3gica de la Secretar\u00eda de Salud.<\/p>\n\n\n\n<p>Al 17 de octubre, en el mundo se reportaron 73 mil 087 casos confirmados en 109 pa\u00edses, territorios y \u00e1reas en las seis regiones de la Organizaci\u00f3n Mundial de la Salud (OMS), as\u00ed como 29 defunciones.<\/p>\n\n\n\n<p>En el estado de Hidalgo se han estudiado 20 casos, de los cuales 12 fueron confirmados, 7 negativos y 1 pendiente de resultado.&nbsp;<\/p>\n\n\n\n<p>La enfermedad de viruela s\u00edmica se caracteriza por la presencia de fiebre acompa\u00f1ada de una o m\u00faltiples lesiones en la piel o mucosas en forma de m\u00e1cula a costra (erupciones morbiliformes), dolor de cabeza, dolor de articulaciones, dolor muscular, debilidad, aumento del tama\u00f1o de ganglios, dolor lumbar.<\/p>\n\n\n\n<p>La enfermedad dura en promedio 21 d\u00edas. Hasta el momento, la transmisi\u00f3n en general se da principalmente por:<\/p>\n\n\n\n<ul class=\"wp-block-list\"><li>Contacto estrecho con una persona contagiada, incluyendo las relaciones sexuales.<\/li><li>Contacto con las lesiones, flujos corporales (sangre, secreciones de las lesiones), gotitas respiratorias de una persona con viruela s\u00edmica.<\/li><li>Contacto con objetos contaminados (ropa, ropa de cama, toallas, etc.).<\/li><\/ul>\n","protected":false},"excerpt":{"rendered":"<p>Despu\u00e9s de que el pasado 27 de mayo, se confirmara el primer caso de viruela s\u00edmica en el pa\u00eds, se activ\u00f3 la transmisi\u00f3n comunitaria en las entidades federativas. Hasta el 17 de octubre del presente a\u00f1o se han confirmado en M\u00e9xico, 2,468 contagios de viruela s\u00edmica en los 32 estados de acuerdo con el Informe [&hellip;]<\/p>\n","protected":false},"author":93,"featured_media":236820,"comment_status":"closed","ping_status":"closed","sticky":false,"template":"","format":"standard","meta":{"footnotes":""},"categories":[15,59,2159],"tags":[],"class_list":["post-236819","post","type-post","status-publish","format-standard","has-post-thumbnail","hentry","category-destacadas","category-general","category-noticias-de-hidalgo"],"_links":{"self":[{"href":"https:\/\/plazajuarez.mx\/historico\/wp-json\/wp\/v2\/posts\/236819","targetHints":{"allow":["GET"]}}],"collection":[{"href":"https:\/\/plazajuarez.mx\/historico\/wp-json\/wp\/v2\/posts"}],"about":[{"href":"https:\/\/plazajuarez.mx\/historico\/wp-json\/wp\/v2\/types\/post"}],"author":[{"embeddable":true,"href":"https:\/\/plazajuarez.mx\/historico\/wp-json\/wp\/v2\/users\/93"}],"replies":[{"embeddable":true,"href":"https:\/\/plazajuarez.mx\/historico\/wp-json\/wp\/v2\/comments?post=236819"}],"version-history":[{"count":0,"href":"https:\/\/plazajuarez.mx\/historico\/wp-json\/wp\/v2\/posts\/236819\/revisions"}],"wp:featuredmedia":[{"embeddable":true,"href":"https:\/\/plazajuarez.mx\/historico\/wp-json\/wp\/v2\/media\/236820"}],"wp:attachment":[{"href":"https:\/\/plazajuarez.mx\/historico\/wp-json\/wp\/v2\/media?parent=236819"}],"wp:term":[{"taxonomy":"category","embeddable":true,"href":"https:\/\/plazajuarez.mx\/historico\/wp-json\/wp\/v2\/categories?post=236819"},{"taxonomy":"post_tag","embeddable":true,"href":"https:\/\/plazajuarez.mx\/historico\/wp-json\/wp\/v2\/tags?post=236819"}],"curies":[{"name":"wp","href":"https:\/\/api.w.org\/{rel}","templated":true}]}}