{"id":236812,"date":"2022-11-03T09:18:55","date_gmt":"2022-11-03T15:18:55","guid":{"rendered":"https:\/\/plazajuarez.mx\/?p=236812"},"modified":"2022-11-03T09:19:02","modified_gmt":"2022-11-03T15:19:02","slug":"dese-por-enterado-1047","status":"publish","type":"post","link":"https:\/\/plazajuarez.mx\/historico\/dese-por-enterado-1047\/","title":{"rendered":"DESE POR ENTERADO"},"content":{"rendered":"\n<p><strong>ARMANDO AZPEITIA, POBRECITO, LOS MEDIOS INFORMATIVOS NO LO DEJAN<\/strong>. \u2013 No crea usted que el alcalde de San Salvador, <strong>Armando Azpeitia<\/strong>, sea responsable de un manejo inescrupuloso de los dineros del municipio, mucho menos que le guste prometer y no cumplirle a nadie. Tampoco que sea el arquetipo del l\u00edder revolucionario trasnochado, y que se haya quedado en las catacumbas con su Manifiesto del Partido Comunista bajo el brazo. \u00a1Nada, se\u00f1ores! Este hombre que merece ser reconocido como m\u00e1rtir de la democracia, solo pide que le escrituren todas las instalaciones de El Mexe, para arrancar la revoluci\u00f3n continental. Pero tambi\u00e9n debe quedar claro, que todo lo que de \u00e9l se dice, son mentiras viles de los medios de desinformaci\u00f3n, maiceados, c\u00ednicos, corruptos y sinverg\u00fcenzas que son sus adversarios. \u00a1Claro, c\u00f3mo ven que va que vuela para gobernador; no, de plano para presidente de la Rep\u00fablica, y as\u00ed convertirse en el Nuevo Che Guevara, pero de San Salvador, lo quieren acabar! \u00a1Malditos!<\/p>\n\n\n\n<figure class=\"wp-block-image size-full\"><img loading=\"lazy\" decoding=\"async\" width=\"1280\" height=\"853\" src=\"https:\/\/plazajuarez.mx\/historico\/historico\/wp-content\/uploads\/2022\/11\/ARMANDO-AZPEITIA-POBRECITO-LOS-MEDIOS-INFORMATIVOS-NO-LO-DEJAN.-\u2013-Especial-.jpeg\" alt=\"\" class=\"wp-image-236813\" srcset=\"https:\/\/plazajuarez.mx\/historico\/wp-content\/uploads\/2022\/11\/ARMANDO-AZPEITIA-POBRECITO-LOS-MEDIOS-INFORMATIVOS-NO-LO-DEJAN.-\u2013-Especial-.jpeg 1280w, https:\/\/plazajuarez.mx\/historico\/wp-content\/uploads\/2022\/11\/ARMANDO-AZPEITIA-POBRECITO-LOS-MEDIOS-INFORMATIVOS-NO-LO-DEJAN.-\u2013-Especial--768x512.jpeg 768w, https:\/\/plazajuarez.mx\/historico\/wp-content\/uploads\/2022\/11\/ARMANDO-AZPEITIA-POBRECITO-LOS-MEDIOS-INFORMATIVOS-NO-LO-DEJAN.-\u2013-Especial--274x183.jpeg 274w, https:\/\/plazajuarez.mx\/historico\/wp-content\/uploads\/2022\/11\/ARMANDO-AZPEITIA-POBRECITO-LOS-MEDIOS-INFORMATIVOS-NO-LO-DEJAN.-\u2013-Especial--80x54.jpeg 80w, https:\/\/plazajuarez.mx\/historico\/wp-content\/uploads\/2022\/11\/ARMANDO-AZPEITIA-POBRECITO-LOS-MEDIOS-INFORMATIVOS-NO-LO-DEJAN.-\u2013-Especial--130x87.jpeg 130w, https:\/\/plazajuarez.mx\/historico\/wp-content\/uploads\/2022\/11\/ARMANDO-AZPEITIA-POBRECITO-LOS-MEDIOS-INFORMATIVOS-NO-LO-DEJAN.-\u2013-Especial--359x240.jpeg 359w, https:\/\/plazajuarez.mx\/historico\/wp-content\/uploads\/2022\/11\/ARMANDO-AZPEITIA-POBRECITO-LOS-MEDIOS-INFORMATIVOS-NO-LO-DEJAN.-\u2013-Especial--85x57.jpeg 85w, https:\/\/plazajuarez.mx\/historico\/wp-content\/uploads\/2022\/11\/ARMANDO-AZPEITIA-POBRECITO-LOS-MEDIOS-INFORMATIVOS-NO-LO-DEJAN.-\u2013-Especial--546x365.jpeg 546w, https:\/\/plazajuarez.mx\/historico\/wp-content\/uploads\/2022\/11\/ARMANDO-AZPEITIA-POBRECITO-LOS-MEDIOS-INFORMATIVOS-NO-LO-DEJAN.-\u2013-Especial--165x109.jpeg 165w, https:\/\/plazajuarez.mx\/historico\/wp-content\/uploads\/2022\/11\/ARMANDO-AZPEITIA-POBRECITO-LOS-MEDIOS-INFORMATIVOS-NO-LO-DEJAN.-\u2013-Especial--112x75.jpeg 112w, https:\/\/plazajuarez.mx\/historico\/wp-content\/uploads\/2022\/11\/ARMANDO-AZPEITIA-POBRECITO-LOS-MEDIOS-INFORMATIVOS-NO-LO-DEJAN.-\u2013-Especial--179x120.jpeg 179w, https:\/\/plazajuarez.mx\/historico\/wp-content\/uploads\/2022\/11\/ARMANDO-AZPEITIA-POBRECITO-LOS-MEDIOS-INFORMATIVOS-NO-LO-DEJAN.-\u2013-Especial--170x113.jpeg 170w, https:\/\/plazajuarez.mx\/historico\/wp-content\/uploads\/2022\/11\/ARMANDO-AZPEITIA-POBRECITO-LOS-MEDIOS-INFORMATIVOS-NO-LO-DEJAN.-\u2013-Especial--81x55.jpeg 81w, https:\/\/plazajuarez.mx\/historico\/wp-content\/uploads\/2022\/11\/ARMANDO-AZPEITIA-POBRECITO-LOS-MEDIOS-INFORMATIVOS-NO-LO-DEJAN.-\u2013-Especial--765x510.jpeg 765w\" sizes=\"auto, (max-width: 1280px) 100vw, 1280px\" \/><\/figure>\n\n\n\n<p><strong>ESPIRAL DE VIOLENCIA, TENGA CUIDADO<\/strong>. \u2013 El d\u00eda de ayer c\u00edrculo un video, donde un energ\u00fameno pelea contra otro energ\u00fameno, este \u00faltimo conductor de un taxi en la capital hidalguense. Con arma en mano, en la Avenida 4 de la Plutarco El\u00edas Calles de Pachuca, el sujeto del veh\u00edculo particular desenfunda una pistola, dispara al aire y no para de gritarle al otro que es \u201cun hijo de su puta madre\u201d, para despu\u00e9s cuestionarlo, \u201c\u00bfc\u00f3mo ves, hijo de tu puta madre, que te meto un plomazo?\u201d. Por lo que se ve el taxista no le contesta, por lo que su interlocutor insiste en que se baje del auto, \u201cb\u00e1jate hijo de tu puta madre, para partirnos la madre a madrazos\u201d. El hecho no es aislado. La violencia est\u00e1 desatada en todo el pa\u00eds. Por eso, cuando maneje, no conteste ninguna agresi\u00f3n, mentada de madre, nada. Puede que le toque un animal como el que le toc\u00f3 al taxista, y en una de esas el balazo disparado al aire, puede ir a parar en su humanidad. No son tiempos de educar a imb\u00e9ciles que manejan, sean juniors en autos \u00faltimo modelo, locos simplemente, o lo peor: que no sepa qui\u00e9nes son, y en una de esas le toca con uno que gusta de arreglar todo a balazos.<\/p>\n\n\n\n<figure class=\"wp-block-image size-full\"><img loading=\"lazy\" decoding=\"async\" width=\"853\" height=\"480\" src=\"https:\/\/plazajuarez.mx\/historico\/historico\/wp-content\/uploads\/2022\/11\/ESPIRAL-DE-VIOLENCIA-TENGA-CUIDADO.-\u2013Ilustrativa-.jpg\" alt=\"\" class=\"wp-image-236814\" srcset=\"https:\/\/plazajuarez.mx\/historico\/wp-content\/uploads\/2022\/11\/ESPIRAL-DE-VIOLENCIA-TENGA-CUIDADO.-\u2013Ilustrativa-.jpg 853w, https:\/\/plazajuarez.mx\/historico\/wp-content\/uploads\/2022\/11\/ESPIRAL-DE-VIOLENCIA-TENGA-CUIDADO.-\u2013Ilustrativa--768x432.jpg 768w\" sizes=\"auto, (max-width: 853px) 100vw, 853px\" \/><\/figure>\n\n\n\n<p><strong>JOS\u00c9 ANTONIO ROJO Y OMAR FAYAD<\/strong>. \u2013 Ex l\u00edder estatal del PRI uno, ex gobernador el otro, buscar\u00e1n ser consejeros y consejeras pol\u00edticos nacional del tricolor. Resultar\u00eda m\u00e1s l\u00f3gico que ambos fueran en una misma planilla, toda vez que, a <strong>Jos\u00e9 Antonio Rojo Garc\u00eda de Alba<\/strong>, se le busca colocarlo como abanderado de la ex candidata, <strong>Carolina Viggiano Austria<\/strong>. El asunto radica en que <strong>Pepe To\u00f1o<\/strong>, con todo y el nivel que siempre ha tenido, fue invitado por la de Tepehuac\u00e1n a su equipo, donde ni siquiera lo nombr\u00f3 coordinador de su campa\u00f1a, y en cambio design\u00f3 a un personaje no solo gris, sino nada comprometido con su nominaci\u00f3n, del que por cierto ni su nombre recordamos. As\u00ed que muy a gusto que haya quedado con <strong>Carolina<\/strong>, pues como que no. Veremos.<\/p>\n\n\n\n<figure class=\"wp-block-image size-full\"><img loading=\"lazy\" decoding=\"async\" width=\"957\" height=\"959\" src=\"https:\/\/plazajuarez.mx\/historico\/historico\/wp-content\/uploads\/2022\/11\/JOSE\u0301-ANTONIO-ROJO-Y-OMAR-FAYAD.-\u2013-Especial-.jpg\" alt=\"\" class=\"wp-image-236815\" srcset=\"https:\/\/plazajuarez.mx\/historico\/wp-content\/uploads\/2022\/11\/JOSE\u0301-ANTONIO-ROJO-Y-OMAR-FAYAD.-\u2013-Especial-.jpg 957w, https:\/\/plazajuarez.mx\/historico\/wp-content\/uploads\/2022\/11\/JOSE\u0301-ANTONIO-ROJO-Y-OMAR-FAYAD.-\u2013-Especial--768x770.jpg 768w, https:\/\/plazajuarez.mx\/historico\/wp-content\/uploads\/2022\/11\/JOSE\u0301-ANTONIO-ROJO-Y-OMAR-FAYAD.-\u2013-Especial--36x36.jpg 36w\" sizes=\"auto, (max-width: 957px) 100vw, 957px\" \/><\/figure>\n\n\n\n<p><\/p>\n\n\n\n<p><strong>YA LO DIJO EL SANTO PEJECITO<\/strong>. \u2013 \u201cLa calumnia, cuando no mancha, tizna\u201d, ha repetido una y otra vez el presidente <strong>L\u00f3pez Obrador<\/strong>, para luego endilgar todo tipo de calificativos en contra de los \u201cmedios informativos fif\u00eds, conservadores, corruptos, y etc\u00e9tera, etc\u00e9tera\u201d, que lo critican. Lo mismo van a poder decir a los que acusan de corrupci\u00f3n y m\u00e1s corrupci\u00f3n sin prueba que sustenten los se\u00f1alamientos. As\u00ed que no caiga en lo que dice el propio jefe de la Naci\u00f3n.<\/p>\n\n\n\n<figure class=\"wp-block-image size-full\"><img loading=\"lazy\" decoding=\"async\" width=\"900\" height=\"600\" src=\"https:\/\/plazajuarez.mx\/historico\/historico\/wp-content\/uploads\/2022\/11\/YA-LO-DIJO-EL-SANTO-PEJECITO.-\u2013Especial-.jpeg\" alt=\"\" class=\"wp-image-236816\" srcset=\"https:\/\/plazajuarez.mx\/historico\/wp-content\/uploads\/2022\/11\/YA-LO-DIJO-EL-SANTO-PEJECITO.-\u2013Especial-.jpeg 900w, https:\/\/plazajuarez.mx\/historico\/wp-content\/uploads\/2022\/11\/YA-LO-DIJO-EL-SANTO-PEJECITO.-\u2013Especial--768x512.jpeg 768w, https:\/\/plazajuarez.mx\/historico\/wp-content\/uploads\/2022\/11\/YA-LO-DIJO-EL-SANTO-PEJECITO.-\u2013Especial--274x183.jpeg 274w, https:\/\/plazajuarez.mx\/historico\/wp-content\/uploads\/2022\/11\/YA-LO-DIJO-EL-SANTO-PEJECITO.-\u2013Especial--80x54.jpeg 80w, https:\/\/plazajuarez.mx\/historico\/wp-content\/uploads\/2022\/11\/YA-LO-DIJO-EL-SANTO-PEJECITO.-\u2013Especial--130x87.jpeg 130w, https:\/\/plazajuarez.mx\/historico\/wp-content\/uploads\/2022\/11\/YA-LO-DIJO-EL-SANTO-PEJECITO.-\u2013Especial--359x240.jpeg 359w, https:\/\/plazajuarez.mx\/historico\/wp-content\/uploads\/2022\/11\/YA-LO-DIJO-EL-SANTO-PEJECITO.-\u2013Especial--85x57.jpeg 85w, https:\/\/plazajuarez.mx\/historico\/wp-content\/uploads\/2022\/11\/YA-LO-DIJO-EL-SANTO-PEJECITO.-\u2013Especial--546x365.jpeg 546w, https:\/\/plazajuarez.mx\/historico\/wp-content\/uploads\/2022\/11\/YA-LO-DIJO-EL-SANTO-PEJECITO.-\u2013Especial--165x109.jpeg 165w, https:\/\/plazajuarez.mx\/historico\/wp-content\/uploads\/2022\/11\/YA-LO-DIJO-EL-SANTO-PEJECITO.-\u2013Especial--112x75.jpeg 112w, https:\/\/plazajuarez.mx\/historico\/wp-content\/uploads\/2022\/11\/YA-LO-DIJO-EL-SANTO-PEJECITO.-\u2013Especial--179x120.jpeg 179w, https:\/\/plazajuarez.mx\/historico\/wp-content\/uploads\/2022\/11\/YA-LO-DIJO-EL-SANTO-PEJECITO.-\u2013Especial--170x113.jpeg 170w, https:\/\/plazajuarez.mx\/historico\/wp-content\/uploads\/2022\/11\/YA-LO-DIJO-EL-SANTO-PEJECITO.-\u2013Especial--81x55.jpeg 81w, https:\/\/plazajuarez.mx\/historico\/wp-content\/uploads\/2022\/11\/YA-LO-DIJO-EL-SANTO-PEJECITO.-\u2013Especial--765x510.jpeg 765w\" sizes=\"auto, (max-width: 900px) 100vw, 900px\" \/><\/figure>\n\n\n\n<p><strong>Aviso para que no digan: Esta columna se nutre de comentarios recabados por agencias del Recontra-Espionaje, muy similares a las que populariz\u00f3 el \u201cS\u00faper Agente 86\u201d en sus tiempos. Como tal lo que publicamos puede que sea cierto, puede que no, o todo lo contrario. Est\u00e1 usted en libertad de creer o no lo que lee, recontra-enojarse, recontra- carcajearse y hasta recontra-recordarnos a nuestra jefecita (nosotros recontra-haremos lo propio). Avisado est\u00e1 usted.&nbsp;<\/strong><\/p>\n\n\n\n<p><strong>desexenterado@gmail.com @desexenterado&nbsp;<\/strong><\/p>\n","protected":false},"excerpt":{"rendered":"<p>ARMANDO AZPEITIA, POBRECITO, LOS MEDIOS INFORMATIVOS NO LO DEJAN. \u2013 No crea usted que el alcalde de San Salvador, Armando Azpeitia, sea responsable de un manejo inescrupuloso de los dineros del municipio, mucho menos que le guste prometer y no cumplirle a nadie. Tampoco que sea el arquetipo del l\u00edder revolucionario trasnochado, y que se [&hellip;]<\/p>\n","protected":false},"author":93,"featured_media":234681,"comment_status":"closed","ping_status":"closed","sticky":false,"template":"","format":"standard","meta":{"footnotes":""},"categories":[83],"tags":[],"class_list":["post-236812","post","type-post","status-publish","format-standard","has-post-thumbnail","hentry","category-dese-por-enterado"],"_links":{"self":[{"href":"https:\/\/plazajuarez.mx\/historico\/wp-json\/wp\/v2\/posts\/236812","targetHints":{"allow":["GET"]}}],"collection":[{"href":"https:\/\/plazajuarez.mx\/historico\/wp-json\/wp\/v2\/posts"}],"about":[{"href":"https:\/\/plazajuarez.mx\/historico\/wp-json\/wp\/v2\/types\/post"}],"author":[{"embeddable":true,"href":"https:\/\/plazajuarez.mx\/historico\/wp-json\/wp\/v2\/users\/93"}],"replies":[{"embeddable":true,"href":"https:\/\/plazajuarez.mx\/historico\/wp-json\/wp\/v2\/comments?post=236812"}],"version-history":[{"count":0,"href":"https:\/\/plazajuarez.mx\/historico\/wp-json\/wp\/v2\/posts\/236812\/revisions"}],"wp:featuredmedia":[{"embeddable":true,"href":"https:\/\/plazajuarez.mx\/historico\/wp-json\/wp\/v2\/media\/234681"}],"wp:attachment":[{"href":"https:\/\/plazajuarez.mx\/historico\/wp-json\/wp\/v2\/media?parent=236812"}],"wp:term":[{"taxonomy":"category","embeddable":true,"href":"https:\/\/plazajuarez.mx\/historico\/wp-json\/wp\/v2\/categories?post=236812"},{"taxonomy":"post_tag","embeddable":true,"href":"https:\/\/plazajuarez.mx\/historico\/wp-json\/wp\/v2\/tags?post=236812"}],"curies":[{"name":"wp","href":"https:\/\/api.w.org\/{rel}","templated":true}]}}