{"id":236607,"date":"2022-11-01T09:54:15","date_gmt":"2022-11-01T15:54:15","guid":{"rendered":"https:\/\/plazajuarez.mx\/?p=236607"},"modified":"2022-11-01T09:54:20","modified_gmt":"2022-11-01T15:54:20","slug":"lista-la-convocatoria-para-cambio-de-delegados-municipales","status":"publish","type":"post","link":"https:\/\/plazajuarez.mx\/historico\/lista-la-convocatoria-para-cambio-de-delegados-municipales\/","title":{"rendered":"Lista la convocatoria para cambio de delegados municipales"},"content":{"rendered":"\n<p>Apan.- La Asamblea Municipal de Apan, emiti\u00f3 la convocatoria para el proceso de cambio de los\u00a0 delegados, quienes deber\u00e1n ser elegidos el pr\u00f3ximo 27 de noviembre por medio de una votaci\u00f3n directa en las diferentes comunidades.\u00a0<\/p>\n\n\n\n<p>En la sesi\u00f3n ordinaria de Cabildo, el tema fue aprobado por unanimidad, acordando que las y los elegidos, deber\u00e1n desempe\u00f1ar funciones de promoci\u00f3n social de cada una de las comunidades de la demarcaci\u00f3n para el periodo 2022-2023, inform\u00f3 el S\u00edndico Procurador del municipio de Apan, Sa\u00fal Bautista Gonz\u00e1lez.<\/p>\n\n\n\n<p>Los delegados municipales, de conformidad con el Bando Municipal de Polic\u00eda y Buen Gobierno, son autoridades auxiliares de la administraci\u00f3n p\u00fablica local en las jurisdicciones en materia de planeaci\u00f3n, programaci\u00f3n, evaluaci\u00f3n, control y seguimiento, as\u00ed como de seguridad p\u00fablica.<\/p>\n\n\n\n<p>Para ser candidato a delegado o suplente, se necesita ser ciudadano del municipio y sus comunidades, as\u00ed como estar en pleno goce de sus derechos pol\u00edticos; adem\u00e1s, se debe estar inscrito en el Registro Federal de Electores y tener la correspondiente credencial para votar. Al mismo tiempo, el candidato no debe estar se\u00f1alado por las causas de impedimento establecidas en los art\u00edculos de la Constituci\u00f3n Pol\u00edtica del Estado, como estar sujeto a proceso criminal por delito que merezca pena corporal, a contar con auto de formal prisi\u00f3n vigente.<\/p>\n","protected":false},"excerpt":{"rendered":"<p>Apan.- La Asamblea Municipal de Apan, emiti\u00f3 la convocatoria para el proceso de cambio de los\u00a0 delegados, quienes deber\u00e1n ser elegidos el pr\u00f3ximo 27 de noviembre por medio de una votaci\u00f3n directa en las diferentes comunidades.\u00a0 En la sesi\u00f3n ordinaria de Cabildo, el tema fue aprobado por unanimidad, acordando que las y los elegidos, deber\u00e1n [&hellip;]<\/p>\n","protected":false},"author":93,"featured_media":236618,"comment_status":"closed","ping_status":"closed","sticky":false,"template":"","format":"standard","meta":{"footnotes":""},"categories":[40],"tags":[],"class_list":["post-236607","post","type-post","status-publish","format-standard","has-post-thumbnail","hentry","category-region"],"_links":{"self":[{"href":"https:\/\/plazajuarez.mx\/historico\/wp-json\/wp\/v2\/posts\/236607","targetHints":{"allow":["GET"]}}],"collection":[{"href":"https:\/\/plazajuarez.mx\/historico\/wp-json\/wp\/v2\/posts"}],"about":[{"href":"https:\/\/plazajuarez.mx\/historico\/wp-json\/wp\/v2\/types\/post"}],"author":[{"embeddable":true,"href":"https:\/\/plazajuarez.mx\/historico\/wp-json\/wp\/v2\/users\/93"}],"replies":[{"embeddable":true,"href":"https:\/\/plazajuarez.mx\/historico\/wp-json\/wp\/v2\/comments?post=236607"}],"version-history":[{"count":0,"href":"https:\/\/plazajuarez.mx\/historico\/wp-json\/wp\/v2\/posts\/236607\/revisions"}],"wp:featuredmedia":[{"embeddable":true,"href":"https:\/\/plazajuarez.mx\/historico\/wp-json\/wp\/v2\/media\/236618"}],"wp:attachment":[{"href":"https:\/\/plazajuarez.mx\/historico\/wp-json\/wp\/v2\/media?parent=236607"}],"wp:term":[{"taxonomy":"category","embeddable":true,"href":"https:\/\/plazajuarez.mx\/historico\/wp-json\/wp\/v2\/categories?post=236607"},{"taxonomy":"post_tag","embeddable":true,"href":"https:\/\/plazajuarez.mx\/historico\/wp-json\/wp\/v2\/tags?post=236607"}],"curies":[{"name":"wp","href":"https:\/\/api.w.org\/{rel}","templated":true}]}}