{"id":236477,"date":"2022-10-31T12:24:11","date_gmt":"2022-10-31T18:24:11","guid":{"rendered":"https:\/\/plazajuarez.mx\/?p=236477"},"modified":"2022-10-31T12:24:16","modified_gmt":"2022-10-31T18:24:16","slug":"encienden-altar-monumental-de-dia-de-muertos","status":"publish","type":"post","link":"https:\/\/plazajuarez.mx\/historico\/encienden-altar-monumental-de-dia-de-muertos\/","title":{"rendered":"Encienden \u201cAltar Monumental\u201d de D\u00eda de Muertos"},"content":{"rendered":"\n<p>Elsa Dolores V\u00e1zquez, presidenta municipal de Villa de Tezontepec, encendi\u00f3 el Altar Monumental que colocaron frente al Ayuntamiento.<\/p>\n\n\n\n<p>El evento se realiz\u00f3 en punto de las 8:00 horas, y los asistentes aprovecharon el momento para tomarse fotos y apreciar las tradiciones como cada a\u00f1o.&nbsp;<\/p>\n\n\n\n<p>La presidenta municipal, quien acudi\u00f3 maquillada y caracterizada de catrina con un vestido color negro con flores bordadas y una corona de rosas manifest\u00f3 que \u201cen estas fechas especiales los recordaremos con mucho cari\u00f1o a los que se nos adelantaron y esperamos su llegada, continuamos con las tradiciones en nuestro municipio.\u201d<\/p>\n\n\n\n<p>Los habitantes que acudieron a la encendida del altar monumental, pudieron colocar elementos en ella como veladoras, copas con agua, entre otras cosas.&nbsp;<\/p>\n\n\n\n<p>Tambi\u00e9n cuentan con un cr\u00e1neo gigante decorado en el que los asistentes se tomaron una fotograf\u00eda al igual que en el altar monumental que mide m\u00e1s de un metro de alto, el primer escal\u00f3n.&nbsp;<\/p>\n\n\n\n<p>Adem\u00e1s, el pante\u00f3n municipal se encuentra listo con adornos en la entrada, un letrero que recuerda que es un pueblo con sabor, un catr\u00edn y catrina en el adorno floral y un tapete con adornos.&nbsp;<\/p>\n\n\n\n<p>Finalmente, las autoridades municipales conf\u00edan en que las celebraciones de D\u00eda de Muertos las disfruten en un ambiente agradable y familiar pero sobre todo con tradici\u00f3n.&nbsp;<\/p>\n","protected":false},"excerpt":{"rendered":"<p>Elsa Dolores V\u00e1zquez, presidenta municipal de Villa de Tezontepec, encendi\u00f3 el Altar Monumental que colocaron frente al Ayuntamiento. El evento se realiz\u00f3 en punto de las 8:00 horas, y los asistentes aprovecharon el momento para tomarse fotos y apreciar las tradiciones como cada a\u00f1o.&nbsp; La presidenta municipal, quien acudi\u00f3 maquillada y caracterizada de catrina con [&hellip;]<\/p>\n","protected":false},"author":78,"featured_media":236479,"comment_status":"closed","ping_status":"closed","sticky":false,"template":"","format":"standard","meta":{"footnotes":""},"categories":[2159,40],"tags":[],"class_list":["post-236477","post","type-post","status-publish","format-standard","has-post-thumbnail","hentry","category-noticias-de-hidalgo","category-region"],"_links":{"self":[{"href":"https:\/\/plazajuarez.mx\/historico\/wp-json\/wp\/v2\/posts\/236477","targetHints":{"allow":["GET"]}}],"collection":[{"href":"https:\/\/plazajuarez.mx\/historico\/wp-json\/wp\/v2\/posts"}],"about":[{"href":"https:\/\/plazajuarez.mx\/historico\/wp-json\/wp\/v2\/types\/post"}],"author":[{"embeddable":true,"href":"https:\/\/plazajuarez.mx\/historico\/wp-json\/wp\/v2\/users\/78"}],"replies":[{"embeddable":true,"href":"https:\/\/plazajuarez.mx\/historico\/wp-json\/wp\/v2\/comments?post=236477"}],"version-history":[{"count":0,"href":"https:\/\/plazajuarez.mx\/historico\/wp-json\/wp\/v2\/posts\/236477\/revisions"}],"wp:featuredmedia":[{"embeddable":true,"href":"https:\/\/plazajuarez.mx\/historico\/wp-json\/wp\/v2\/media\/236479"}],"wp:attachment":[{"href":"https:\/\/plazajuarez.mx\/historico\/wp-json\/wp\/v2\/media?parent=236477"}],"wp:term":[{"taxonomy":"category","embeddable":true,"href":"https:\/\/plazajuarez.mx\/historico\/wp-json\/wp\/v2\/categories?post=236477"},{"taxonomy":"post_tag","embeddable":true,"href":"https:\/\/plazajuarez.mx\/historico\/wp-json\/wp\/v2\/tags?post=236477"}],"curies":[{"name":"wp","href":"https:\/\/api.w.org\/{rel}","templated":true}]}}