{"id":236403,"date":"2022-10-31T09:12:59","date_gmt":"2022-10-31T15:12:59","guid":{"rendered":"https:\/\/plazajuarez.mx\/?p=236403"},"modified":"2022-10-31T09:13:42","modified_gmt":"2022-10-31T15:13:42","slug":"hace-tres-anos-desprecio-la-palabra-y-el-destino-es-triste","status":"publish","type":"post","link":"https:\/\/plazajuarez.mx\/historico\/hace-tres-anos-desprecio-la-palabra-y-el-destino-es-triste\/","title":{"rendered":"Hace tres a\u00f1os despreci\u00f3 la palabra, y el destino es triste"},"content":{"rendered":"\n<h2 class=\"wp-block-heading\">RETRATOS HABLADOS<\/h2>\n\n\n\n<p>Por alguna raz\u00f3n desconocida, otorgamos atribuciones casi m\u00e1gicas a la pol\u00edtica y a quienes la ejercen, que con frecuencia son los pol\u00edticos. Nos aseguramos de no estar cerca del territorio exclusivo para sacerdotes y sacerdotisas practicantes de misteriosos rituales, mediante los cuales hacen uso del poder que emana de los cargos p\u00fablicos sin caer en su embrujo para salir indemnes luego de un periodo de gozo, sufrimiento o simplemente cumplimento del mandato otorgado por el voto popular.<\/p>\n\n\n\n<p>Fuimos sin duda felices en nuestra inocencia de pensar que seres \u00fanicos y dignos de ser casi semidioses viv\u00edan en ese monte Olimpo por el tiempo que les era asignado; cumpl\u00edan divinamente son su misi\u00f3n para despu\u00e9s regresar a ser mortales sin resabio alguno de su estancia en tierras de la divinidad.<\/p>\n\n\n\n<p>Despu\u00e9s nos hartamos de haber aceptado la historia que nosotros mismos inventamos de la existencia de semidioses, al descubrir que muy lejos estaban de esa condici\u00f3n y por el contrario la piel terrenal los hab\u00eda llevado a cometer actos solo propios de quienes creen que el dinero es la felicidad, cuando de todos es conocido que tan solo es vanidad.<\/p>\n\n\n\n<p>As\u00ed que muy al estilo de lo que siempre hacemos en esto de la pol\u00edtica a la que detestamos pero sabemos que es base de toda sociedad, convocamos a las tribus errantes para encontrar a quien pudiera subir al Monte Sina\u00ed para recibir las nuevas y relucientes Tablas de la Ley, y de este modo poner orden entre personajes que formados esperaban la oportunidad de recibir los poderes m\u00e1gicos que otorga el voto.<\/p>\n\n\n\n<p>Iluminado por el propio due\u00f1o del Monte Olimpo, supimos que no habr\u00eda poder humano que detuviera su carrera al triunfo absoluto y aplastante, y a la recuperaci\u00f3n de la dignidad en el ejercicio de la pol\u00edtica, porque un escudo de honestidad le servir\u00eda lo mismo para petrificar a Medusa, que espantar al desastre que en seguridad viv\u00edan los mortales.<\/p>\n\n\n\n<p>Trampas, obst\u00e1culos, escenarios fabricados para llevarlo a tropezar le hicieron nada, y su capa color p\u00farpura onde\u00f3 cual bandera a su paso. Invencible, \u00fanico como el P\u00e9lida Aquiles camin\u00f3 su primer a\u00f1o con paso \u00e1ureo sin cambiar un \u00e1pice su rumbo. Todos al un\u00edsono elevamos clamores por los tiempos buenos que habr\u00edan de venir.<\/p>\n\n\n\n<p>Hasta que una ma\u00f1ana de las muchas en que gustaba dialogar con la gente que pregunta, la piel de mortal le impidi\u00f3 hacer de la serenidad y humildad la gu\u00eda que siempre lo acompa\u00f1aba, para ceder a la tentaci\u00f3n de la soberbia y la fatuidad. Y al poeta que es voz \u00fanica en los campos de las ideas, ofendi\u00f3 de la manera m\u00e1s baja, la que nunca en toda su historia hubiera tomado el atrevimiento de usar. No dijo que se negaba a recibirlo para escucharlo. No le cerr\u00f3 la puerta. Simplemente se remiti\u00f3 a recitar: \u201c\u00a1qu\u00e9 flojera!\u201d.<\/p>\n\n\n\n<p>Desconocido para todos, igual los que segu\u00edan sus pasos desde siempre, cambi\u00f3 su faz y su rostro empez\u00f3 a transformarse, a ser otro, paso a paso igual al de aquellos que con hist\u00f3rica lucha logr\u00f3 echar del poder, ahora no sabemos si para siempre.<\/p>\n\n\n\n<p>No solo despreci\u00f3 la voz del poeta sino el sentir m\u00e1s honesto,&nbsp; menos interesado en otra cosa que no sea que el pa\u00eds encuentre por fin la paz que se merece. Despreci\u00f3 adem\u00e1s al padre que perdi\u00f3 a su hijo, asesinado de la manera m\u00e1s vil y miserable en tiempos que la palabra dej\u00f3 de tener sentido y valor.<\/p>\n\n\n\n<p>Despreci\u00f3 la palabra, y quien lo hace, tarde o temprano se pierde, y se pierde para siempre.<\/p>\n\n\n\n<p><strong>(Hace exactamente tres a\u00f1os Javier Sicilia, el poeta, recibi\u00f3 como \u00fanica respuesta a su solicitud para dialogar con las nuevas autoridades federales la frase: \u201c\u00a1qu\u00e9 flojera!\u201d)<\/strong><\/p>\n\n\n\n<p>Mil gracias, hasta ma\u00f1ana.<\/p>\n\n\n\n<p><a href=\"mailto:jeperalta@plazajuarez.mx\/historico\/historico\">jeperalta@plazajuarez.mx\/historico\/historico<\/a><\/p>\n\n\n\n<p>@JavierEPerlata<\/p>\n","protected":false},"excerpt":{"rendered":"<p>RETRATOS HABLADOS Por alguna raz\u00f3n desconocida, otorgamos atribuciones casi m\u00e1gicas a la pol\u00edtica y a quienes la ejercen, que con frecuencia son los pol\u00edticos. Nos aseguramos de no estar cerca del territorio exclusivo para sacerdotes y sacerdotisas practicantes de misteriosos rituales, mediante los cuales hacen uso del poder que emana de los cargos p\u00fablicos sin [&hellip;]<\/p>\n","protected":false},"author":10,"featured_media":234662,"comment_status":"closed","ping_status":"closed","sticky":false,"template":"","format":"standard","meta":{"footnotes":""},"categories":[49,42],"tags":[],"class_list":["post-236403","post","type-post","status-publish","format-standard","has-post-thumbnail","hentry","category-javier-peralta","category-nuestrapalabra"],"_links":{"self":[{"href":"https:\/\/plazajuarez.mx\/historico\/wp-json\/wp\/v2\/posts\/236403","targetHints":{"allow":["GET"]}}],"collection":[{"href":"https:\/\/plazajuarez.mx\/historico\/wp-json\/wp\/v2\/posts"}],"about":[{"href":"https:\/\/plazajuarez.mx\/historico\/wp-json\/wp\/v2\/types\/post"}],"author":[{"embeddable":true,"href":"https:\/\/plazajuarez.mx\/historico\/wp-json\/wp\/v2\/users\/10"}],"replies":[{"embeddable":true,"href":"https:\/\/plazajuarez.mx\/historico\/wp-json\/wp\/v2\/comments?post=236403"}],"version-history":[{"count":0,"href":"https:\/\/plazajuarez.mx\/historico\/wp-json\/wp\/v2\/posts\/236403\/revisions"}],"wp:featuredmedia":[{"embeddable":true,"href":"https:\/\/plazajuarez.mx\/historico\/wp-json\/wp\/v2\/media\/234662"}],"wp:attachment":[{"href":"https:\/\/plazajuarez.mx\/historico\/wp-json\/wp\/v2\/media?parent=236403"}],"wp:term":[{"taxonomy":"category","embeddable":true,"href":"https:\/\/plazajuarez.mx\/historico\/wp-json\/wp\/v2\/categories?post=236403"},{"taxonomy":"post_tag","embeddable":true,"href":"https:\/\/plazajuarez.mx\/historico\/wp-json\/wp\/v2\/tags?post=236403"}],"curies":[{"name":"wp","href":"https:\/\/api.w.org\/{rel}","templated":true}]}}