{"id":236178,"date":"2022-10-29T08:53:25","date_gmt":"2022-10-29T13:53:25","guid":{"rendered":"https:\/\/plazajuarez.mx\/?p=236178"},"modified":"2022-10-29T08:53:34","modified_gmt":"2022-10-29T13:53:34","slug":"violacion-a-los-derechos-sexuales-y-reproductivas-de-ninas-y-adolescentes","status":"publish","type":"post","link":"https:\/\/plazajuarez.mx\/historico\/violacion-a-los-derechos-sexuales-y-reproductivas-de-ninas-y-adolescentes\/","title":{"rendered":"\u201cViolaci\u00f3n a los derechos sexuales y reproductivas de ni\u00f1as y adolescentes\u201d"},"content":{"rendered":"\n<h2 class=\"wp-block-heading\"><strong>IGUALDAD SUSTANTIVA, EMPODERAMIENTO EFECTIVO.<\/strong><\/h2>\n\n\n\n<p class=\"wp-block-paragraph\">Seg\u00fan el Consejo Nacional de Poblaci\u00f3n, la tasa de fecundidad en mujeres de 15 a 19 a\u00f1os 2020, indica que el embarazo adolescente es una problem\u00e1tica altamente preocupante, dentro de los cinco primeros lugares, el estado de Coahuila ocupa el primer lugar con una tasa del 94.3 por ciento, seguido de Chiapas con el 84.8, Nayarit con 79.5, Campeche con 79.2 y Michoac\u00e1n con el 77.3 por ciento.<\/p>\n\n\n\n<p class=\"wp-block-paragraph\">Hidalgo ocupa el d\u00e9cimo s\u00e9ptimo lugar de 32, con una tasa de fecundidad del 68.5 por ciento, al igual que la media nacional, poniendo en alerta al estado para continuar con la disminuci\u00f3n paulatina de esta brecha de desigualdad. En este mismo sentido y en menor proporci\u00f3n, otra problem\u00e1tica son los embarazos infantiles de 10 a 14 a\u00f1os.<\/p>\n\n\n\n<p class=\"wp-block-paragraph\">Las causas de estas problem\u00e1ticas son multifactoriales, de acuerdo con datos del Grupo Interinstitucional para la Prevenci\u00f3n del Embarazo (GIPEA), las causas inmediatas y subyacentes se expresan en la violaci\u00f3n sexual por los prejuicios familiares y desinformaci\u00f3n sobre violencia sexual y desconocimiento para denunciar; el matrimonio infantil y uniones tempranas por los patrones culturales sobre la maternidad,&nbsp; la falta de acceso a los derechos, la legislaci\u00f3n permisiva y por la violencia familiar y sexual.<\/p>\n\n\n\n<p class=\"wp-block-paragraph\">Otras causas son el proyecto de vida independiente por los modelos dominantes de ser mujer y madre, por personal docente y de salud poco sensibilizado; por el ejercicio no planeado de la sexualidad con los contenidos sobre sexualidad mal impartidos; por la ausencia o deficiente comunicaci\u00f3n y afectividad, y por el insuficiente acceso a los servicios de salud.<\/p>\n\n\n\n<p class=\"wp-block-paragraph\">De manera general, las causas estructurales son: desigualdad econ\u00f3mica, social y de g\u00e9nero, por la vulneraci\u00f3n del estado laico, por la cultura adulto c\u00e9ntrica, por el marco jur\u00eddico ambiguo, por la fragmentaci\u00f3n del sistema de salud, y por la impunidad y no aplicaci\u00f3n de la ley.&nbsp;<\/p>\n\n\n\n<p class=\"wp-block-paragraph\">Estas razones explican la violaci\u00f3n a los derechos sexuales y reproductivos en este grupo de mujeres que no deciden c\u00f3mo, cu\u00e1ndo y con quien tener relaciones afectivas y sexuales con respeto y consentimiento, tampoco al derecho de decidir si tener o no pareja, de consentir o no el matrimonio, de poder expresar sus emociones y sexualidad, de disfrutar de su cuerpo, recibir respeto, y sobre todo de no ser sometidas a ning\u00fan tipo de violencia f\u00edsica, psicol\u00f3gica y sexual, as\u00ed como al no recibir informaci\u00f3n y educaci\u00f3n sexual.<\/p>\n\n\n\n<p class=\"wp-block-paragraph\">Asimismo, a decidir cu\u00e1ndo y cu\u00e1ntos hijas e hijos, o no tener, el tiempo transcurrido entre un embarazo y otro, de no ser discriminada o recibir tratos desiguales por estar embarazada o ser madres, y en el caso de adolescentes embarazadas a seguir estudiando; a acceder a los servicios de salud y obtener atenci\u00f3n m\u00e9dica que garantice una maternidad segura, y a recibir informaci\u00f3n y educaci\u00f3n para garantizar la autonom\u00eda reproductiva y planificaci\u00f3n familiar.&nbsp;<\/p>\n\n\n\n<p class=\"wp-block-paragraph\">Es por ello que se ahora se involucran a ni\u00f1as, ni\u00f1os y adolescentes a participar para construir la estrategia nacional, que por cierto, en el proceso de di\u00e1logo y consulta han expresado que no encuentran seguridad ni confianza con sus maestros y maestras para hablar del tema, por las concepciones tradicionales que tienen, propias de una cultura de censura, dentro de otras. \u00a1Bien por la participaci\u00f3n!<\/p>\n","protected":false},"excerpt":{"rendered":"<p>IGUALDAD SUSTANTIVA, EMPODERAMIENTO EFECTIVO. Seg\u00fan el Consejo Nacional de Poblaci\u00f3n, la tasa de fecundidad en mujeres de 15 a 19 a\u00f1os 2020, indica que el embarazo adolescente es una problem\u00e1tica altamente preocupante, dentro de los cinco primeros lugares, el estado de Coahuila ocupa el primer lugar con una tasa del 94.3 por ciento, seguido de [&hellip;]<\/p>\n","protected":false},"author":104,"featured_media":236179,"comment_status":"closed","ping_status":"closed","sticky":false,"template":"","format":"standard","meta":{"footnotes":""},"categories":[42,2157],"tags":[],"class_list":["post-236178","post","type-post","status-publish","format-standard","has-post-thumbnail","hentry","category-nuestrapalabra","category-patricia-gonzalez-lopez"],"_links":{"self":[{"href":"https:\/\/plazajuarez.mx\/historico\/wp-json\/wp\/v2\/posts\/236178","targetHints":{"allow":["GET"]}}],"collection":[{"href":"https:\/\/plazajuarez.mx\/historico\/wp-json\/wp\/v2\/posts"}],"about":[{"href":"https:\/\/plazajuarez.mx\/historico\/wp-json\/wp\/v2\/types\/post"}],"author":[{"embeddable":true,"href":"https:\/\/plazajuarez.mx\/historico\/wp-json\/wp\/v2\/users\/104"}],"replies":[{"embeddable":true,"href":"https:\/\/plazajuarez.mx\/historico\/wp-json\/wp\/v2\/comments?post=236178"}],"version-history":[{"count":0,"href":"https:\/\/plazajuarez.mx\/historico\/wp-json\/wp\/v2\/posts\/236178\/revisions"}],"wp:featuredmedia":[{"embeddable":true,"href":"https:\/\/plazajuarez.mx\/historico\/wp-json\/wp\/v2\/media\/236179"}],"wp:attachment":[{"href":"https:\/\/plazajuarez.mx\/historico\/wp-json\/wp\/v2\/media?parent=236178"}],"wp:term":[{"taxonomy":"category","embeddable":true,"href":"https:\/\/plazajuarez.mx\/historico\/wp-json\/wp\/v2\/categories?post=236178"},{"taxonomy":"post_tag","embeddable":true,"href":"https:\/\/plazajuarez.mx\/historico\/wp-json\/wp\/v2\/tags?post=236178"}],"curies":[{"name":"wp","href":"https:\/\/api.w.org\/{rel}","templated":true}]}}