{"id":236171,"date":"2022-10-29T08:49:00","date_gmt":"2022-10-29T13:49:00","guid":{"rendered":"https:\/\/plazajuarez.mx\/?p=236171"},"modified":"2022-10-29T08:49:07","modified_gmt":"2022-10-29T13:49:07","slug":"realizan-segundo-foro-por-el-desarrollo-agropecuario","status":"publish","type":"post","link":"https:\/\/plazajuarez.mx\/historico\/realizan-segundo-foro-por-el-desarrollo-agropecuario\/","title":{"rendered":"Realizan Segundo Foro\u00a0 por el Desarrollo Agropecuario\u00a0"},"content":{"rendered":"\n<p class=\"wp-block-paragraph\">Derivado de la construcci\u00f3n del presupuesto para el ejercicio fiscal 2023 en Hidalgo, la comisi\u00f3n permanente&nbsp; de Desarrollo Agropecuario y Recursos Hidr\u00e1ulicos del Congreso Local, realiz\u00f3 el Segundo Foro por el Desarrollo Agropecuario, con el que buscan recabar las opiniones del sector y con base en esto, gestionar los recursos necesarios para el campo hidalguense.&nbsp;<\/p>\n\n\n\n<p class=\"wp-block-paragraph\">Al respecto, Tania Valdez Cuellar, refiri\u00f3 la importancia de estos ejercicios, ya que con sus peticiones y exposiciones se pueden construir pol\u00edticas p\u00fablicas pertinentes y adecuadas, por lo que se\u00f1al\u00f3 que es de suma importancia escuchar a las y los productores del campo: \u201cde esta forma podemos generar propuestas acordes que permitan fortalecer al campo y a las cadenas de producci\u00f3n menos consolidadas\u201d, dijo.<\/p>\n\n\n\n<p class=\"wp-block-paragraph\">Cabe destacar que, con este segundo ejercicio, se avanza en la ruta trazada y pronto se realizar\u00e1 el tercer foro, con el que se podr\u00e1 dar continuidad al trabajo, para agregar las propuestas del gremio a la propuesta final, por lo que no descartan que se pidan m\u00e1s recursos para el campo, ya que no bastar\u00e1n cambios en materia administrativa o legislativa si no hay recursos etiquetados para fines espec\u00edficos.<\/p>\n\n\n\n<p class=\"wp-block-paragraph\">Finalmente, destacaron la importancia de que la propuesta que emane de estos foros sea muy humana y que refleje las necesidades y prioridades del sector, para que pueda favorecer a los campesinos y con el impulso al campo se combatan otros males que aquejan a la sociedad, como la falta de empleo, la pobreza y la falta de desarrollo econ\u00f3mico de la entidad.<\/p>\n","protected":false},"excerpt":{"rendered":"<p>Derivado de la construcci\u00f3n del presupuesto para el ejercicio fiscal 2023 en Hidalgo, la comisi\u00f3n permanente&nbsp; de Desarrollo Agropecuario y Recursos Hidr\u00e1ulicos del Congreso Local, realiz\u00f3 el Segundo Foro por el Desarrollo Agropecuario, con el que buscan recabar las opiniones del sector y con base en esto, gestionar los recursos necesarios para el campo hidalguense.&nbsp; [&hellip;]<\/p>\n","protected":false},"author":72,"featured_media":236172,"comment_status":"closed","ping_status":"closed","sticky":false,"template":"","format":"standard","meta":{"footnotes":""},"categories":[59,2159],"tags":[],"class_list":["post-236171","post","type-post","status-publish","format-standard","has-post-thumbnail","hentry","category-general","category-noticias-de-hidalgo"],"_links":{"self":[{"href":"https:\/\/plazajuarez.mx\/historico\/wp-json\/wp\/v2\/posts\/236171","targetHints":{"allow":["GET"]}}],"collection":[{"href":"https:\/\/plazajuarez.mx\/historico\/wp-json\/wp\/v2\/posts"}],"about":[{"href":"https:\/\/plazajuarez.mx\/historico\/wp-json\/wp\/v2\/types\/post"}],"author":[{"embeddable":true,"href":"https:\/\/plazajuarez.mx\/historico\/wp-json\/wp\/v2\/users\/72"}],"replies":[{"embeddable":true,"href":"https:\/\/plazajuarez.mx\/historico\/wp-json\/wp\/v2\/comments?post=236171"}],"version-history":[{"count":0,"href":"https:\/\/plazajuarez.mx\/historico\/wp-json\/wp\/v2\/posts\/236171\/revisions"}],"wp:featuredmedia":[{"embeddable":true,"href":"https:\/\/plazajuarez.mx\/historico\/wp-json\/wp\/v2\/media\/236172"}],"wp:attachment":[{"href":"https:\/\/plazajuarez.mx\/historico\/wp-json\/wp\/v2\/media?parent=236171"}],"wp:term":[{"taxonomy":"category","embeddable":true,"href":"https:\/\/plazajuarez.mx\/historico\/wp-json\/wp\/v2\/categories?post=236171"},{"taxonomy":"post_tag","embeddable":true,"href":"https:\/\/plazajuarez.mx\/historico\/wp-json\/wp\/v2\/tags?post=236171"}],"curies":[{"name":"wp","href":"https:\/\/api.w.org\/{rel}","templated":true}]}}