{"id":236139,"date":"2022-10-28T15:11:07","date_gmt":"2022-10-28T20:11:07","guid":{"rendered":"https:\/\/plazajuarez.mx\/?p=236139"},"modified":"2022-10-28T15:11:13","modified_gmt":"2022-10-28T20:11:13","slug":"vinculan-a-proceso-a-conductor-de-metro-que-manejaba-ebrio","status":"publish","type":"post","link":"https:\/\/plazajuarez.mx\/historico\/vinculan-a-proceso-a-conductor-de-metro-que-manejaba-ebrio\/","title":{"rendered":"Vinculan a proceso a conductor de Metro que manejaba ebrio"},"content":{"rendered":"\n<p>Erick Liborio Morales conductor del Metro, fue vinculado a proceso por el delito de tentativa de homicidio por lo que permanecer\u00e1 al interior del Reclusorio Norte.<\/p>\n\n\n\n<p>En audiencia de continuaci\u00f3n, el Ministerio P\u00fablico de la FGJ imput\u00f3 los cargos y solicit\u00f3 su vinculaci\u00f3n a proceso.<\/p>\n\n\n\n<p>El juzgador determin\u00f3 que hab\u00eda los elementos de prueba necesaria para eso, por lo que dej\u00f3 la medida cautelar de prisi\u00f3n preventiva.<\/p>\n\n\n\n<p>Erick fue detenido con orden de aprehensi\u00f3n luego que fuera evidenciado en estado alcoh\u00f3lico en la L\u00ednea 2 del STC Metro.<\/p>\n","protected":false},"excerpt":{"rendered":"<p>Erick Liborio Morales conductor del Metro, fue vinculado a proceso por el delito de tentativa de homicidio por lo que permanecer\u00e1 al interior del Reclusorio Norte. En audiencia de continuaci\u00f3n, el Ministerio P\u00fablico de la FGJ imput\u00f3 los cargos y solicit\u00f3 su vinculaci\u00f3n a proceso. El juzgador determin\u00f3 que hab\u00eda los elementos de prueba necesaria [&hellip;]<\/p>\n","protected":false},"author":81,"featured_media":230566,"comment_status":"closed","ping_status":"closed","sticky":false,"template":"","format":"standard","meta":{"footnotes":""},"categories":[15,36,2160],"tags":[],"class_list":["post-236139","post","type-post","status-publish","format-standard","has-post-thumbnail","hentry","category-destacadas","category-nacion","category-noticias-de-la-ciudad-de-mexico"],"_links":{"self":[{"href":"https:\/\/plazajuarez.mx\/historico\/wp-json\/wp\/v2\/posts\/236139","targetHints":{"allow":["GET"]}}],"collection":[{"href":"https:\/\/plazajuarez.mx\/historico\/wp-json\/wp\/v2\/posts"}],"about":[{"href":"https:\/\/plazajuarez.mx\/historico\/wp-json\/wp\/v2\/types\/post"}],"author":[{"embeddable":true,"href":"https:\/\/plazajuarez.mx\/historico\/wp-json\/wp\/v2\/users\/81"}],"replies":[{"embeddable":true,"href":"https:\/\/plazajuarez.mx\/historico\/wp-json\/wp\/v2\/comments?post=236139"}],"version-history":[{"count":0,"href":"https:\/\/plazajuarez.mx\/historico\/wp-json\/wp\/v2\/posts\/236139\/revisions"}],"wp:featuredmedia":[{"embeddable":true,"href":"https:\/\/plazajuarez.mx\/historico\/wp-json\/wp\/v2\/media\/230566"}],"wp:attachment":[{"href":"https:\/\/plazajuarez.mx\/historico\/wp-json\/wp\/v2\/media?parent=236139"}],"wp:term":[{"taxonomy":"category","embeddable":true,"href":"https:\/\/plazajuarez.mx\/historico\/wp-json\/wp\/v2\/categories?post=236139"},{"taxonomy":"post_tag","embeddable":true,"href":"https:\/\/plazajuarez.mx\/historico\/wp-json\/wp\/v2\/tags?post=236139"}],"curies":[{"name":"wp","href":"https:\/\/api.w.org\/{rel}","templated":true}]}}