{"id":236135,"date":"2022-10-28T15:06:31","date_gmt":"2022-10-28T20:06:31","guid":{"rendered":"https:\/\/plazajuarez.mx\/?p=236135"},"modified":"2022-10-28T15:07:30","modified_gmt":"2022-10-28T20:07:30","slug":"lo-que-debes-saber-de-la-ofrenda-monumental-en-el-zocalo","status":"publish","type":"post","link":"https:\/\/plazajuarez.mx\/historico\/lo-que-debes-saber-de-la-ofrenda-monumental-en-el-zocalo\/","title":{"rendered":"Lo que debes saber de la Ofrenda Monumental en el Z\u00f3calo"},"content":{"rendered":"\n<p>Este viernes se inaugur\u00f3 la Ofrenda Monumental de D\u00eda de Muertos en el Z\u00f3calo de la Ciudad de M\u00e9xico, que por primera vez incluir\u00e1 32 calaveras majestuosas que representar\u00e1n a cada uno de los estados de la Rep\u00fablica y dos catrinas majestuosas.<\/p>\n\n\n\n<p>El acto protocolario se realiz\u00f3 a las 11:00 horas. La Ofrenda Monumental ser\u00e1 una homenaje a la diversidad de cosmovisiones de M\u00e9xico, por lo que cada una de las 32 calaveras estar\u00e1 ataviada con ropa t\u00edpica de las entidades, adem\u00e1s que el tama\u00f1o de estas figuras es de siete metros de altura.<\/p>\n\n\n\n<p>Dos catrinas de 12 metros de altura complementar\u00e1n el encuentro de huesudas que hacen referencia a la ilustraci\u00f3n de tiempos de la Revoluci\u00f3n, autor\u00eda de Jos\u00e9 Guadalupe Posada, y al mural &#8220;Sue\u00f1o de una tarde dominical en la Alameda Central&#8221;, de Diego Rivera.<\/p>\n\n\n\n<p>La ofrenda, que estar\u00e1 en el Z\u00f3calo hasta el 2 de noviembre, contar\u00e1 con iluminaci\u00f3n especial que se podr\u00e1 apreciar durante la noche.<\/p>\n\n\n\n<p>De acuerdo con las Secretar\u00edas de Cultura federal y capitalina, para la elaboraci\u00f3n de esta Ofrenda participaron m\u00e1s de 180 artesanos, representantes de las 32 entidades montar\u00e1n y representar\u00e1n sus respectivas ofrendas, con apoyo de la Direcci\u00f3n General de Culturas Populares, Ind\u00edgenas y Urbanas del Gobierno de M\u00e9xico.<\/p>\n","protected":false},"excerpt":{"rendered":"<p>Este viernes se inaugur\u00f3 la Ofrenda Monumental de D\u00eda de Muertos en el Z\u00f3calo de la Ciudad de M\u00e9xico, que por primera vez incluir\u00e1 32 calaveras majestuosas que representar\u00e1n a cada uno de los estados de la Rep\u00fablica y dos catrinas majestuosas. El acto protocolario se realiz\u00f3 a las 11:00 horas. La Ofrenda Monumental ser\u00e1 [&hellip;]<\/p>\n","protected":false},"author":81,"featured_media":236136,"comment_status":"closed","ping_status":"closed","sticky":false,"template":"","format":"standard","meta":{"footnotes":""},"categories":[15,36,2160],"tags":[],"class_list":["post-236135","post","type-post","status-publish","format-standard","has-post-thumbnail","hentry","category-destacadas","category-nacion","category-noticias-de-la-ciudad-de-mexico"],"_links":{"self":[{"href":"https:\/\/plazajuarez.mx\/historico\/wp-json\/wp\/v2\/posts\/236135","targetHints":{"allow":["GET"]}}],"collection":[{"href":"https:\/\/plazajuarez.mx\/historico\/wp-json\/wp\/v2\/posts"}],"about":[{"href":"https:\/\/plazajuarez.mx\/historico\/wp-json\/wp\/v2\/types\/post"}],"author":[{"embeddable":true,"href":"https:\/\/plazajuarez.mx\/historico\/wp-json\/wp\/v2\/users\/81"}],"replies":[{"embeddable":true,"href":"https:\/\/plazajuarez.mx\/historico\/wp-json\/wp\/v2\/comments?post=236135"}],"version-history":[{"count":0,"href":"https:\/\/plazajuarez.mx\/historico\/wp-json\/wp\/v2\/posts\/236135\/revisions"}],"wp:featuredmedia":[{"embeddable":true,"href":"https:\/\/plazajuarez.mx\/historico\/wp-json\/wp\/v2\/media\/236136"}],"wp:attachment":[{"href":"https:\/\/plazajuarez.mx\/historico\/wp-json\/wp\/v2\/media?parent=236135"}],"wp:term":[{"taxonomy":"category","embeddable":true,"href":"https:\/\/plazajuarez.mx\/historico\/wp-json\/wp\/v2\/categories?post=236135"},{"taxonomy":"post_tag","embeddable":true,"href":"https:\/\/plazajuarez.mx\/historico\/wp-json\/wp\/v2\/tags?post=236135"}],"curies":[{"name":"wp","href":"https:\/\/api.w.org\/{rel}","templated":true}]}}