{"id":236132,"date":"2022-10-28T14:15:34","date_gmt":"2022-10-28T19:15:34","guid":{"rendered":"https:\/\/plazajuarez.mx\/?p=236132"},"modified":"2022-10-28T14:15:41","modified_gmt":"2022-10-28T19:15:41","slug":"volcadura-de-combi-en-la-mexico-puebla-deja-14-lesionados","status":"publish","type":"post","link":"https:\/\/plazajuarez.mx\/historico\/volcadura-de-combi-en-la-mexico-puebla-deja-14-lesionados\/","title":{"rendered":"Volcadura de combi en la M\u00e9xico-Puebla deja 14 lesionados"},"content":{"rendered":"\n<p>Al menos 14 personas lesionadas fue el resultado de la volcadura de una unidad de transporte p\u00fablico en el kil\u00f3metro 24 de la autopista M\u00e9xico -Puebla.<\/p>\n\n\n\n<p>De acuerdo con los primeros reportes, el accidente se report\u00f3 a la altura de la colonia Dar\u00edo Mart\u00ednez, del municipio de Valle de Chalco Solidaridad, en direcci\u00f3n a la Ciudad de M\u00e9xico.<\/p>\n\n\n\n<p>A trav\u00e9s de una llamada al n\u00famero de emergencias 9-1-1, informaron a las autoridades locales, luego de que la unidad sufri\u00f3 una ponchadura de llanta que la desestabiliz\u00f3 y se volc\u00f3.<\/p>\n\n\n\n<p>Las autoridades informaron que la unidad de la ruta 36 Transportes Chalco, circulaba sobre carriles centrales, cuando impact\u00f3 contra el muro de contenci\u00f3n, dejando a varias personas lesionadas.<\/p>\n\n\n\n<p>Algunos de los automovilistas que circulaban por la vialidad ayudaron a los usuarios del transporte y al lugar tambi\u00e9n llegaron servicios de emergencias de Caminos y Puentes Federales (Capufe), quienes atendieron a los heridos.<\/p>\n","protected":false},"excerpt":{"rendered":"<p>Al menos 14 personas lesionadas fue el resultado de la volcadura de una unidad de transporte p\u00fablico en el kil\u00f3metro 24 de la autopista M\u00e9xico -Puebla. De acuerdo con los primeros reportes, el accidente se report\u00f3 a la altura de la colonia Dar\u00edo Mart\u00ednez, del municipio de Valle de Chalco Solidaridad, en direcci\u00f3n a la [&hellip;]<\/p>\n","protected":false},"author":81,"featured_media":236133,"comment_status":"closed","ping_status":"closed","sticky":false,"template":"","format":"standard","meta":{"footnotes":""},"categories":[15,36,2160],"tags":[],"class_list":["post-236132","post","type-post","status-publish","format-standard","has-post-thumbnail","hentry","category-destacadas","category-nacion","category-noticias-de-la-ciudad-de-mexico"],"_links":{"self":[{"href":"https:\/\/plazajuarez.mx\/historico\/wp-json\/wp\/v2\/posts\/236132","targetHints":{"allow":["GET"]}}],"collection":[{"href":"https:\/\/plazajuarez.mx\/historico\/wp-json\/wp\/v2\/posts"}],"about":[{"href":"https:\/\/plazajuarez.mx\/historico\/wp-json\/wp\/v2\/types\/post"}],"author":[{"embeddable":true,"href":"https:\/\/plazajuarez.mx\/historico\/wp-json\/wp\/v2\/users\/81"}],"replies":[{"embeddable":true,"href":"https:\/\/plazajuarez.mx\/historico\/wp-json\/wp\/v2\/comments?post=236132"}],"version-history":[{"count":0,"href":"https:\/\/plazajuarez.mx\/historico\/wp-json\/wp\/v2\/posts\/236132\/revisions"}],"wp:featuredmedia":[{"embeddable":true,"href":"https:\/\/plazajuarez.mx\/historico\/wp-json\/wp\/v2\/media\/236133"}],"wp:attachment":[{"href":"https:\/\/plazajuarez.mx\/historico\/wp-json\/wp\/v2\/media?parent=236132"}],"wp:term":[{"taxonomy":"category","embeddable":true,"href":"https:\/\/plazajuarez.mx\/historico\/wp-json\/wp\/v2\/categories?post=236132"},{"taxonomy":"post_tag","embeddable":true,"href":"https:\/\/plazajuarez.mx\/historico\/wp-json\/wp\/v2\/tags?post=236132"}],"curies":[{"name":"wp","href":"https:\/\/api.w.org\/{rel}","templated":true}]}}