{"id":236054,"date":"2022-10-28T09:13:16","date_gmt":"2022-10-28T14:13:16","guid":{"rendered":"https:\/\/plazajuarez.mx\/?p=236054"},"modified":"2022-10-28T09:15:11","modified_gmt":"2022-10-28T14:15:11","slug":"conmemoraran-el-dia-de-muertos-con-la-colocacion-de-un-altar","status":"publish","type":"post","link":"https:\/\/plazajuarez.mx\/historico\/conmemoraran-el-dia-de-muertos-con-la-colocacion-de-un-altar\/","title":{"rendered":"Conmemorar\u00e1n el D\u00eda de Muertos con la colocaci\u00f3n de un altar"},"content":{"rendered":"\n<p>La dirigencia estatal del Partido Revolucionario Institucional (PRI) en Hidalgo, encabezada por Julio Valera Piedras y Yarely Melo, presidente y secretaria general respectivamente, a trav\u00e9s de la Secretar\u00eda de Cultura que conduce Raciel Meneses, llev\u00f3 a cabo la colocaci\u00f3n del altar de muertos en la sede estatal tricolor acto en el que estuvieron presentes, Adela P\u00e9rez&nbsp; Secretaria de Acci\u00f3n Ind\u00edgena, as\u00ed como los diputados locales Michelle Calder\u00f3n, Erika Rodr\u00edguez, Juan de Dios Pontigo y Marcia Torres.<\/p>\n\n\n\n<p>Al hacer uso de la voz, Julio Valera llam\u00f3 a los priistas a no renunciar a las tradiciones hidalguenses pues son herencias ancestrales.<\/p>\n\n\n\n<p>Con esta actividad se a\u00f1ora a quienes ya no est\u00e1n presentes al adelantarse en el camino y con esta tradici\u00f3n se encuentran aqu\u00ed.<\/p>\n","protected":false},"excerpt":{"rendered":"<p>La dirigencia estatal del Partido Revolucionario Institucional (PRI) en Hidalgo, encabezada por Julio Valera Piedras y Yarely Melo, presidente y secretaria general respectivamente, a trav\u00e9s de la Secretar\u00eda de Cultura que conduce Raciel Meneses, llev\u00f3 a cabo la colocaci\u00f3n del altar de muertos en la sede estatal tricolor acto en el que estuvieron presentes, Adela [&hellip;]<\/p>\n","protected":false},"author":93,"featured_media":236063,"comment_status":"closed","ping_status":"closed","sticky":false,"template":"","format":"standard","meta":{"footnotes":""},"categories":[59,2159],"tags":[],"class_list":["post-236054","post","type-post","status-publish","format-standard","has-post-thumbnail","hentry","category-general","category-noticias-de-hidalgo"],"_links":{"self":[{"href":"https:\/\/plazajuarez.mx\/historico\/wp-json\/wp\/v2\/posts\/236054","targetHints":{"allow":["GET"]}}],"collection":[{"href":"https:\/\/plazajuarez.mx\/historico\/wp-json\/wp\/v2\/posts"}],"about":[{"href":"https:\/\/plazajuarez.mx\/historico\/wp-json\/wp\/v2\/types\/post"}],"author":[{"embeddable":true,"href":"https:\/\/plazajuarez.mx\/historico\/wp-json\/wp\/v2\/users\/93"}],"replies":[{"embeddable":true,"href":"https:\/\/plazajuarez.mx\/historico\/wp-json\/wp\/v2\/comments?post=236054"}],"version-history":[{"count":0,"href":"https:\/\/plazajuarez.mx\/historico\/wp-json\/wp\/v2\/posts\/236054\/revisions"}],"wp:featuredmedia":[{"embeddable":true,"href":"https:\/\/plazajuarez.mx\/historico\/wp-json\/wp\/v2\/media\/236063"}],"wp:attachment":[{"href":"https:\/\/plazajuarez.mx\/historico\/wp-json\/wp\/v2\/media?parent=236054"}],"wp:term":[{"taxonomy":"category","embeddable":true,"href":"https:\/\/plazajuarez.mx\/historico\/wp-json\/wp\/v2\/categories?post=236054"},{"taxonomy":"post_tag","embeddable":true,"href":"https:\/\/plazajuarez.mx\/historico\/wp-json\/wp\/v2\/tags?post=236054"}],"curies":[{"name":"wp","href":"https:\/\/api.w.org\/{rel}","templated":true}]}}