{"id":236050,"date":"2022-10-28T09:12:24","date_gmt":"2022-10-28T14:12:24","guid":{"rendered":"https:\/\/plazajuarez.mx\/?p=236050"},"modified":"2022-10-28T09:12:37","modified_gmt":"2022-10-28T14:12:37","slug":"pumas-en-proceso-de-asilvestramiento","status":"publish","type":"post","link":"https:\/\/plazajuarez.mx\/historico\/pumas-en-proceso-de-asilvestramiento\/","title":{"rendered":"Pumas, en proceso de asilvestramiento"},"content":{"rendered":"\n<p>La Unidad de Rehabilitaci\u00f3n de Fauna Silvestre de Pachuca, inform\u00f3 que los dos hembras puma rescatados en Tlanchinol, hace tres meses, est\u00e1n en proceso de asilvestramiento con la asociaci\u00f3n civil Jaguares en la Selva.<\/p>\n\n\n\n<p>A trav\u00e9s de su red social oficial, publicaron: &#8220;Estos pumas llegaron a nuestras instalaciones siendo apenas unos cachorros. Les brindamos atenci\u00f3n m\u00e9dica y estuvieron bajo nuestro cuidado tres meses. Los trasladamos con nuestros aliados Jaguares En La Selva en la que contin\u00faan su rehabilitaci\u00f3n en un biosimulador para que puedan ser reintroducidos a su h\u00e1bitat natural&#8221;.<\/p>\n\n\n\n<p>Al respecto, la asociaci\u00f3n se\u00f1al\u00f3 que los dos ejemplares est\u00e1n en un proyecto sin precedentes a nivel continental, en el cual se busca que tres pumas rescatados en etapa de lactancia se incorporen a poblaciones silvestres de su especie, donde pertenecen.<\/p>\n\n\n\n<p>Citaron: &#8220;Su origen procede de la Sierra Madre Oriental pues ambas hembras, y su hermano de nombre Dasai, fueron rescatados en la cuenca alta de la huasteca hidalguense, donde especialistas de la Unidad de Rehabilitaci\u00f3n de Fauna Silvestre de Pachuca, autoridades mexicanas y la Comunidad de Lontla, municipio Tlanchinol, Hidalgo; priorizaron la salvaguarda de los tres pumas en etapa de maternidad para, una vez estabilizados, fueran trasladados a nuestras instalaciones con el objetivo de cursar nuestro proceso metodol\u00f3gico y tener una oportunidad real y profesional de ser liberados en vida silvestre&#8221;.<\/p>\n\n\n\n<p>Precisaron que su llegada v\u00eda terrestre se concret\u00f3 el 12 de abril del presente a\u00f1o, pasando brevemente por la Primera Etapa de su programa y posteriormente a la Segunda Etapa donde actualmente contin\u00faan su proceso de desarrollo f\u00edsico, conductual y cognitivo.&nbsp;<\/p>\n\n\n\n<p>&#8220;Estas instalaciones buscan el aislamiento visual al exterior evitando de manera gradual una percepci\u00f3n de afinidad en determinadas actividades hacia la presencia corporal del ser humano&#8221;.<\/p>\n","protected":false},"excerpt":{"rendered":"<p>La Unidad de Rehabilitaci\u00f3n de Fauna Silvestre de Pachuca, inform\u00f3 que los dos hembras puma rescatados en Tlanchinol, hace tres meses, est\u00e1n en proceso de asilvestramiento con la asociaci\u00f3n civil Jaguares en la Selva. A trav\u00e9s de su red social oficial, publicaron: &#8220;Estos pumas llegaron a nuestras instalaciones siendo apenas unos cachorros. Les brindamos atenci\u00f3n [&hellip;]<\/p>\n","protected":false},"author":73,"featured_media":236051,"comment_status":"closed","ping_status":"closed","sticky":false,"template":"","format":"standard","meta":{"footnotes":""},"categories":[59,2159],"tags":[],"class_list":["post-236050","post","type-post","status-publish","format-standard","has-post-thumbnail","hentry","category-general","category-noticias-de-hidalgo"],"_links":{"self":[{"href":"https:\/\/plazajuarez.mx\/historico\/wp-json\/wp\/v2\/posts\/236050","targetHints":{"allow":["GET"]}}],"collection":[{"href":"https:\/\/plazajuarez.mx\/historico\/wp-json\/wp\/v2\/posts"}],"about":[{"href":"https:\/\/plazajuarez.mx\/historico\/wp-json\/wp\/v2\/types\/post"}],"author":[{"embeddable":true,"href":"https:\/\/plazajuarez.mx\/historico\/wp-json\/wp\/v2\/users\/73"}],"replies":[{"embeddable":true,"href":"https:\/\/plazajuarez.mx\/historico\/wp-json\/wp\/v2\/comments?post=236050"}],"version-history":[{"count":0,"href":"https:\/\/plazajuarez.mx\/historico\/wp-json\/wp\/v2\/posts\/236050\/revisions"}],"wp:featuredmedia":[{"embeddable":true,"href":"https:\/\/plazajuarez.mx\/historico\/wp-json\/wp\/v2\/media\/236051"}],"wp:attachment":[{"href":"https:\/\/plazajuarez.mx\/historico\/wp-json\/wp\/v2\/media?parent=236050"}],"wp:term":[{"taxonomy":"category","embeddable":true,"href":"https:\/\/plazajuarez.mx\/historico\/wp-json\/wp\/v2\/categories?post=236050"},{"taxonomy":"post_tag","embeddable":true,"href":"https:\/\/plazajuarez.mx\/historico\/wp-json\/wp\/v2\/tags?post=236050"}],"curies":[{"name":"wp","href":"https:\/\/api.w.org\/{rel}","templated":true}]}}