{"id":236047,"date":"2022-10-28T09:11:28","date_gmt":"2022-10-28T14:11:28","guid":{"rendered":"https:\/\/plazajuarez.mx\/?p=236047"},"modified":"2022-10-28T09:11:34","modified_gmt":"2022-10-28T14:11:34","slug":"los-caballitos","status":"publish","type":"post","link":"https:\/\/plazajuarez.mx\/historico\/los-caballitos\/","title":{"rendered":"LOS CABALLITOS"},"content":{"rendered":"\n<h2 class=\"wp-block-heading\">ALFIL NEGRO<\/h2>\n\n\n\n<p><\/p>\n\n\n\n<p>En la fiesta de mi pueblo<\/p>\n\n\n\n<p>Del Arc\u00e1ngel San Miguel,<\/p>\n\n\n\n<p>\u201cVirgi\u00f1ita\u201d, voz de siglos<\/p>\n\n\n\n<p>Llenaba el templo del flores,<\/p>\n\n\n\n<p>Y el pueblo todo acud\u00eda<\/p>\n\n\n\n<p>A la misa de la fiesta,<\/p>\n\n\n\n<p>Entre nubes de un incienso<\/p>\n\n\n\n<p>Que no he podido olvidar.<\/p>\n\n\n\n<p>Las campanas ese d\u00eda<\/p>\n\n\n\n<p>Sonaban a plata limpia,<\/p>\n\n\n\n<p>Y el armonio all\u00e1 en el coro<\/p>\n\n\n\n<p>Eran cenzontles cantores,<\/p>\n\n\n\n<p>En alabanza a colores<\/p>\n\n\n\n<p>Pasa el Se\u00f1or San Miguel.<\/p>\n\n\n\n<p>Era sin duda lo entiendo<\/p>\n\n\n\n<p>Un pueblo reci\u00e9n nacido,<\/p>\n\n\n\n<p>Los hombres camisas nuevas,<\/p>\n\n\n\n<p>Las muchachas faldas amplias,<\/p>\n\n\n\n<p>Los ni\u00f1os reci\u00e9n ba\u00f1ados,<\/p>\n\n\n\n<p>Y almas nuevas en todo<\/p>\n\n\n\n<p>Alabando a su Creador.<\/p>\n\n\n\n<p>Pero yo ni\u00f1o peque\u00f1o<\/p>\n\n\n\n<p>Lo \u00fanico que quer\u00eda<\/p>\n\n\n\n<p>Era subirme a los juegos,<\/p>\n\n\n\n<p>Al \u00fanico que llegaba<\/p>\n\n\n\n<p>Caballitos de madera,<\/p>\n\n\n\n<p>Que yo pensaba eran miles<\/p>\n\n\n\n<p>Y ahora ya de grande<\/p>\n\n\n\n<p>Me entero con gran ternura<\/p>\n\n\n\n<p>Que solamente eran seis.<\/p>\n\n\n\n<p>Y no eran los caballitos<\/p>\n\n\n\n<p>Como muchos los conocen,<\/p>\n\n\n\n<p>Porque esos caballitos<\/p>\n\n\n\n<p>Que yo miraba gigantes<\/p>\n\n\n\n<p>Daban vueltas y vueltas<\/p>\n\n\n\n<p>Movidos por un empleado,<\/p>\n\n\n\n<p>Mientras jinetes del cielo<\/p>\n\n\n\n<p>Los ni\u00f1os jinetes santos,<\/p>\n\n\n\n<p>Nos perd\u00edamos en los sue\u00f1os<\/p>\n\n\n\n<p>En esas tardes de fiesta<\/p>\n\n\n\n<p>Del arc\u00e1ngel San Miguel.<\/p>\n\n\n\n<p>Ahora que ha pasado el tiempo<\/p>\n\n\n\n<p>Conozco ya muchos parques,<\/p>\n\n\n\n<p>En ciudades de otras tierras,<\/p>\n\n\n\n<p>Con juegos de mucha ciencia<\/p>\n\n\n\n<p>Y alta tecnolog\u00eda,<\/p>\n\n\n\n<p>Pero tengo aqu\u00ed en el alma<\/p>\n\n\n\n<p>Un sentimiento hecho roca,<\/p>\n\n\n\n<p>No cambio mis caballitos<\/p>\n\n\n\n<p>Despintados y sin ojos<\/p>\n\n\n\n<p>De las fiestas de mi pueblo,<\/p>\n\n\n\n<p>Por estos juegos lujosos,<\/p>\n\n\n\n<p>Porque los juegos del pueblo<\/p>\n\n\n\n<p>Sin motor y casi ciegos,<\/p>\n\n\n\n<p>Ten\u00edan algo que emociona<\/p>\n\n\n\n<p>Eran caballos con alma,<\/p>\n\n\n\n<p>Ni\u00f1os de pino y Sabino,<\/p>\n\n\n\n<p>Madera de bosque bueno,<\/p>\n\n\n\n<p>Lobos del cuento del bosque<\/p>\n\n\n\n<p>Caperucita y Pinocho<\/p>\n\n\n\n<p>Ni\u00f1os todos como yo.<\/p>\n\n\n\n<p>Pero en mi vida ya larga,<\/p>\n\n\n\n<p>Hay dos recuerdos que tengo<\/p>\n\n\n\n<p>Dos caballitos tan vivos,<\/p>\n\n\n\n<p>Que aunque ya pasaron a\u00f1os<\/p>\n\n\n\n<p>Cabalgan en mis recuerdos.<\/p>\n\n\n\n<p>El primero es un caballo<\/p>\n\n\n\n<p>Que me regal\u00f3 mi padre,<\/p>\n\n\n\n<p>Era una ca\u00f1a de Milpa<\/p>\n\n\n\n<p>Con un mecate amarrado,<\/p>\n\n\n\n<p>Que una tarde me recuerdo<\/p>\n\n\n\n<p>Al regresar del campo<\/p>\n\n\n\n<p>Me lo regal\u00f3 mi padre.<\/p>\n\n\n\n<p>Y en ese caballo verde<\/p>\n\n\n\n<p>Cabalgu\u00e9 por anchas nubes,<\/p>\n\n\n\n<p>Toque estrellas y lunas,<\/p>\n\n\n\n<p>Y espero que me lo crean<\/p>\n\n\n\n<p>Jugu\u00e9 carreras volando<\/p>\n\n\n\n<p>Con \u00e1ngeles del Se\u00f1or.<\/p>\n\n\n\n<p>Despu\u00e9s tuve m\u00e1s juguetes<\/p>\n\n\n\n<p>Muchos sin duda bonitos,<\/p>\n\n\n\n<p>Pero ninguno lo digo<\/p>\n\n\n\n<p>Como el caballo de ca\u00f1a<\/p>\n\n\n\n<p>Que me regal\u00f3 mi padre.<\/p>\n\n\n\n<p>El otro caballo hermoso<\/p>\n\n\n\n<p>De madera y con sus ruedas,<\/p>\n\n\n\n<p>Era el caballo de mi hijo<\/p>\n\n\n\n<p>Del ni\u00f1o que nos dej\u00f3.<\/p>\n\n\n\n<p>\u00c9l jugaba, lo recuerdo<\/p>\n\n\n\n<p>Y mientras daba la vuelta,<\/p>\n\n\n\n<p>Nos dec\u00eda con su manita<\/p>\n\n\n\n<p>Adi\u00f3s padres tan queridos,<\/p>\n\n\n\n<p>Y nunca lo imaginamos<\/p>\n\n\n\n<p>Que era un adi\u00f3s por siempre,<\/p>\n\n\n\n<p>Caballito de madera<\/p>\n\n\n\n<p>De mi ni\u00f1o peque\u00f1ito<\/p>\n\n\n\n<p>Que cabalgando se fue.<\/p>\n\n\n\n<p>Caballitos de mi pueblo<\/p>\n\n\n\n<p>De ca\u00f1a y madera roja,<\/p>\n\n\n\n<p>Cu\u00e1ntos sue\u00f1os y tristezas<\/p>\n\n\n\n<p>Cuantas risas y alegr\u00edas,<\/p>\n\n\n\n<p>Que a\u00fan con los a\u00f1os viejos<\/p>\n\n\n\n<p>Me recuerdo como ni\u00f1o<\/p>\n\n\n\n<p>Y ni\u00f1o me quedar\u00e9.<\/p>\n","protected":false},"excerpt":{"rendered":"<p>ALFIL NEGRO En la fiesta de mi pueblo Del Arc\u00e1ngel San Miguel, \u201cVirgi\u00f1ita\u201d, voz de siglos Llenaba el templo del flores, Y el pueblo todo acud\u00eda A la misa de la fiesta, Entre nubes de un incienso Que no he podido olvidar. Las campanas ese d\u00eda Sonaban a plata limpia, Y el armonio all\u00e1 en [&hellip;]<\/p>\n","protected":false},"author":83,"featured_media":234680,"comment_status":"closed","ping_status":"closed","sticky":false,"template":"","format":"standard","meta":{"footnotes":""},"categories":[48,42],"tags":[],"class_list":["post-236047","post","type-post","status-publish","format-standard","has-post-thumbnail","hentry","category-adalberto-peralta","category-nuestrapalabra"],"_links":{"self":[{"href":"https:\/\/plazajuarez.mx\/historico\/wp-json\/wp\/v2\/posts\/236047","targetHints":{"allow":["GET"]}}],"collection":[{"href":"https:\/\/plazajuarez.mx\/historico\/wp-json\/wp\/v2\/posts"}],"about":[{"href":"https:\/\/plazajuarez.mx\/historico\/wp-json\/wp\/v2\/types\/post"}],"author":[{"embeddable":true,"href":"https:\/\/plazajuarez.mx\/historico\/wp-json\/wp\/v2\/users\/83"}],"replies":[{"embeddable":true,"href":"https:\/\/plazajuarez.mx\/historico\/wp-json\/wp\/v2\/comments?post=236047"}],"version-history":[{"count":0,"href":"https:\/\/plazajuarez.mx\/historico\/wp-json\/wp\/v2\/posts\/236047\/revisions"}],"wp:featuredmedia":[{"embeddable":true,"href":"https:\/\/plazajuarez.mx\/historico\/wp-json\/wp\/v2\/media\/234680"}],"wp:attachment":[{"href":"https:\/\/plazajuarez.mx\/historico\/wp-json\/wp\/v2\/media?parent=236047"}],"wp:term":[{"taxonomy":"category","embeddable":true,"href":"https:\/\/plazajuarez.mx\/historico\/wp-json\/wp\/v2\/categories?post=236047"},{"taxonomy":"post_tag","embeddable":true,"href":"https:\/\/plazajuarez.mx\/historico\/wp-json\/wp\/v2\/tags?post=236047"}],"curies":[{"name":"wp","href":"https:\/\/api.w.org\/{rel}","templated":true}]}}