{"id":236044,"date":"2022-10-28T09:10:06","date_gmt":"2022-10-28T14:10:06","guid":{"rendered":"https:\/\/plazajuarez.mx\/?p=236044"},"modified":"2022-10-28T09:10:14","modified_gmt":"2022-10-28T14:10:14","slug":"el-poder-es-de-mortales-no-de-dioses","status":"publish","type":"post","link":"https:\/\/plazajuarez.mx\/historico\/el-poder-es-de-mortales-no-de-dioses\/","title":{"rendered":"El poder es de Mortales, no de Dioses"},"content":{"rendered":"\n<h2 class=\"wp-block-heading\">RETRATOS HABLADOS<\/h2>\n\n\n\n<p>Toda la tragedia humana se resume en la decisi\u00f3n de no asumir ninguna decisi\u00f3n, de ceder el ejercicio del poder a quien se cree puede cumplir de mejor manera esa misi\u00f3n y rechazar casi como reacci\u00f3n instintiva, participar en esa tarea que desprecia una gran mayor\u00eda con singular intensidad, pero que definir\u00e1 su propio futuro y el de toda su descendencia.<\/p>\n\n\n\n<p>Reservamos la tarea pol\u00edtica para unos cuantos, y en esos cuantos pulula toda una fauna de personajes poco escrupulosos, plenos de soberbia y acostumbrados sobre todo a la impunidad. Confunden el ser poderosos con la certeza de que pueden hacer y ordenar lo que les venga en gana, sin ninguna consecuencia.<\/p>\n\n\n\n<p>M\u00e9xico vive un momento \u00fanico en su historia porque ya empez\u00f3 el proceso definitivo y necesario en que se quita el halo m\u00e1gico que rodeaba a todo hombre o mujer que se dedica a la b\u00fasqueda irrefrenable del poder. Resulta que son simples mortales y de ninguna manera merec\u00edan los dones que de manera tan gratuita les hab\u00edamos otorgado.<\/p>\n\n\n\n<p>Ese es un principio b\u00e1sico que empezamos a descubrir, y sin duda que es algo bueno, porque en el aspecto positivo nos acerca a quienes ostentan un cargo de elecci\u00f3n popular y en el negativo, logra descubrir la realidad de quien consider\u00e1bamos ser humano de excepci\u00f3n.<\/p>\n\n\n\n<p>No es as\u00ed y \u00a1qu\u00e9 bueno!<\/p>\n\n\n\n<p>El profesor que vive en la casa de la esquina, el ingeniero que sale temprano a la chamba, el m\u00e9dico que apenas si duerme para atender sus trabajos, todos ellos tienen igual o m\u00e1s capacidad que cualquier encumbrado poderoso, que insiste en construirse una imagen falsa, a costa de lo que sea.<\/p>\n\n\n\n<p>Tiempos in\u00e9ditos que ya eran necesarios.<\/p>\n\n\n\n<p>La historia tiende a cambiar. Cada d\u00eda los hombres y mujeres del poder tendr\u00e1n que ser m\u00e1s cercanos a los mortales simples, porque ha terminado el tiempo en que pod\u00edan ofender, lastimar, intimidar a quien no comulgaba con sus grandes ideas, que no eran sino absurdos guiados por su malsana idea de acumular m\u00e1s y m\u00e1s poder.<\/p>\n\n\n\n<p>Nos damos cuenta que envejecen igual que todos, se vuelven necios y poco razonables al avanzar a la vejez, y no, de ninguna manera se convierten en genios, luminarias de los que aspiran a ser como ellos.<\/p>\n\n\n\n<p>Vivimos tiempos nuevos, y qu\u00e9 bueno que as\u00ed sea. El uso del poder ante todo implica humildad, sentido real de compasi\u00f3n (es decir empat\u00eda) hacia sus semejantes. Sin estos dos elementos est\u00e1 perdido.<\/p>\n\n\n\n<p>Era necesario.<\/p>\n\n\n\n<p><strong>Mil gracias, hasta el lunes.<\/strong><\/p>\n\n\n\n<p><a href=\"mailto:jeperalta@plazajuarez.mx\/historico\/historico\">jeperalta@plazajuarez.mx\/historico\/historico<\/a><\/p>\n\n\n\n<p>@JavierEPeralta<\/p>\n","protected":false},"excerpt":{"rendered":"<p>RETRATOS HABLADOS Toda la tragedia humana se resume en la decisi\u00f3n de no asumir ninguna decisi\u00f3n, de ceder el ejercicio del poder a quien se cree puede cumplir de mejor manera esa misi\u00f3n y rechazar casi como reacci\u00f3n instintiva, participar en esa tarea que desprecia una gran mayor\u00eda con singular intensidad, pero que definir\u00e1 su [&hellip;]<\/p>\n","protected":false},"author":10,"featured_media":234662,"comment_status":"closed","ping_status":"closed","sticky":false,"template":"","format":"standard","meta":{"footnotes":""},"categories":[49,42],"tags":[],"class_list":["post-236044","post","type-post","status-publish","format-standard","has-post-thumbnail","hentry","category-javier-peralta","category-nuestrapalabra"],"_links":{"self":[{"href":"https:\/\/plazajuarez.mx\/historico\/wp-json\/wp\/v2\/posts\/236044","targetHints":{"allow":["GET"]}}],"collection":[{"href":"https:\/\/plazajuarez.mx\/historico\/wp-json\/wp\/v2\/posts"}],"about":[{"href":"https:\/\/plazajuarez.mx\/historico\/wp-json\/wp\/v2\/types\/post"}],"author":[{"embeddable":true,"href":"https:\/\/plazajuarez.mx\/historico\/wp-json\/wp\/v2\/users\/10"}],"replies":[{"embeddable":true,"href":"https:\/\/plazajuarez.mx\/historico\/wp-json\/wp\/v2\/comments?post=236044"}],"version-history":[{"count":0,"href":"https:\/\/plazajuarez.mx\/historico\/wp-json\/wp\/v2\/posts\/236044\/revisions"}],"wp:featuredmedia":[{"embeddable":true,"href":"https:\/\/plazajuarez.mx\/historico\/wp-json\/wp\/v2\/media\/234662"}],"wp:attachment":[{"href":"https:\/\/plazajuarez.mx\/historico\/wp-json\/wp\/v2\/media?parent=236044"}],"wp:term":[{"taxonomy":"category","embeddable":true,"href":"https:\/\/plazajuarez.mx\/historico\/wp-json\/wp\/v2\/categories?post=236044"},{"taxonomy":"post_tag","embeddable":true,"href":"https:\/\/plazajuarez.mx\/historico\/wp-json\/wp\/v2\/tags?post=236044"}],"curies":[{"name":"wp","href":"https:\/\/api.w.org\/{rel}","templated":true}]}}