{"id":236041,"date":"2022-10-28T09:08:40","date_gmt":"2022-10-28T14:08:40","guid":{"rendered":"https:\/\/plazajuarez.mx\/?p=236041"},"modified":"2022-10-28T09:08:46","modified_gmt":"2022-10-28T14:08:46","slug":"fortalece-hidalgo-esquemas-de-proteccion-civil","status":"publish","type":"post","link":"https:\/\/plazajuarez.mx\/historico\/fortalece-hidalgo-esquemas-de-proteccion-civil\/","title":{"rendered":"Fortalece Hidalgo esquemas de protecci\u00f3n Civil"},"content":{"rendered":"\n<p>Para fortalecer la capacidad en Gesti\u00f3n Integral de Riesgos de Desastres, se llev\u00f3 a cabo la capacitaci\u00f3n de Comunidades Resilientes en el municipio de Tlahuelilpan. As\u00ed, Hidalgo es el primer estado en sumarse a este tipo de acciones.<\/p>\n\n\n\n<p>Los trabajos fueron inaugurados por el subsecretario de Protecci\u00f3n Civil y Gesti\u00f3n de Riesgos, Enrique Padilla Hern\u00e1ndez; el alcalde de Tlahuelilpan, Jos\u00e9 Alfredo D\u00edaz Moreno; la subsecretaria de Desarrollo Social, Neya Naranjo Baltazar, as\u00ed como por representantes de PNUD, del Centro Nacional de Prevenci\u00f3n de Desastres (CENAPRED) y de CEMEX.<\/p>\n\n\n\n<p>En esta primera etapa de capacitaci\u00f3n participaron los municipios de Progreso de Obreg\u00f3n, Chilcuautla, Mixquiahuala, Tezontepec de Aldama, Tepetitl\u00e1n, Tepeji del Rio, Atotonilco de Tula, Atitalaquia, Tlaxcoapan y Tetepango.<\/p>\n\n\n\n<p>El presidente municipal de Tlahuelilpan agradeci\u00f3 ser sede del encuentro que consider\u00f3 un parteaguas para la protecci\u00f3n civil en Hidalgo.<\/p>\n\n\n\n<p>Destac\u00f3 la importancia de fortalecer las capacidades locales y regionales para enfrentar los riesgos y vulnerabilidades que enfrenta la poblaci\u00f3n.<\/p>\n\n\n\n<p>El director del CENAPRED, Enrique Guevara Ortiz, destac\u00f3 que este tipo de eventos fortalecen la protecci\u00f3n civil, a trav\u00e9s de aliados importantes como es la poblaci\u00f3n.<\/p>\n","protected":false},"excerpt":{"rendered":"<p>Para fortalecer la capacidad en Gesti\u00f3n Integral de Riesgos de Desastres, se llev\u00f3 a cabo la capacitaci\u00f3n de Comunidades Resilientes en el municipio de Tlahuelilpan. As\u00ed, Hidalgo es el primer estado en sumarse a este tipo de acciones. Los trabajos fueron inaugurados por el subsecretario de Protecci\u00f3n Civil y Gesti\u00f3n de Riesgos, Enrique Padilla Hern\u00e1ndez; [&hellip;]<\/p>\n","protected":false},"author":93,"featured_media":236042,"comment_status":"closed","ping_status":"closed","sticky":false,"template":"","format":"standard","meta":{"footnotes":""},"categories":[59,2159],"tags":[],"class_list":["post-236041","post","type-post","status-publish","format-standard","has-post-thumbnail","hentry","category-general","category-noticias-de-hidalgo"],"_links":{"self":[{"href":"https:\/\/plazajuarez.mx\/historico\/wp-json\/wp\/v2\/posts\/236041","targetHints":{"allow":["GET"]}}],"collection":[{"href":"https:\/\/plazajuarez.mx\/historico\/wp-json\/wp\/v2\/posts"}],"about":[{"href":"https:\/\/plazajuarez.mx\/historico\/wp-json\/wp\/v2\/types\/post"}],"author":[{"embeddable":true,"href":"https:\/\/plazajuarez.mx\/historico\/wp-json\/wp\/v2\/users\/93"}],"replies":[{"embeddable":true,"href":"https:\/\/plazajuarez.mx\/historico\/wp-json\/wp\/v2\/comments?post=236041"}],"version-history":[{"count":0,"href":"https:\/\/plazajuarez.mx\/historico\/wp-json\/wp\/v2\/posts\/236041\/revisions"}],"wp:featuredmedia":[{"embeddable":true,"href":"https:\/\/plazajuarez.mx\/historico\/wp-json\/wp\/v2\/media\/236042"}],"wp:attachment":[{"href":"https:\/\/plazajuarez.mx\/historico\/wp-json\/wp\/v2\/media?parent=236041"}],"wp:term":[{"taxonomy":"category","embeddable":true,"href":"https:\/\/plazajuarez.mx\/historico\/wp-json\/wp\/v2\/categories?post=236041"},{"taxonomy":"post_tag","embeddable":true,"href":"https:\/\/plazajuarez.mx\/historico\/wp-json\/wp\/v2\/tags?post=236041"}],"curies":[{"name":"wp","href":"https:\/\/api.w.org\/{rel}","templated":true}]}}