{"id":236035,"date":"2022-10-28T09:04:59","date_gmt":"2022-10-28T14:04:59","guid":{"rendered":"https:\/\/plazajuarez.mx\/?p=236035"},"modified":"2022-10-28T09:05:13","modified_gmt":"2022-10-28T14:05:13","slug":"dese-por-enterado-1044","status":"publish","type":"post","link":"https:\/\/plazajuarez.mx\/historico\/dese-por-enterado-1044\/","title":{"rendered":"DESE POR ENTERADO"},"content":{"rendered":"\n<p><strong>NO QUEDAR\u00c1 IMPUNE LA CA\u00cdDA DEL SISTEMA DE RADIO<\/strong>. \u2013 El gobernador, <strong>Julio Menchaca Salazar,<\/strong> dijo claro y directo que la inminente ca\u00edda del Sistema de Radio a partir del 28 de noviembre, no quedar\u00e1 impune, porque se trata de una irresponsabilidad grav\u00edsima al perderse las estaciones que dieron origen al Sistema Radiof\u00f3nico permisionado, m\u00e1s importante del pa\u00eds. Puntualiz\u00f3 que habr\u00e1 sanciones administrativas, e incluso penales. As\u00ed debe ser, porque no puede aceptarse que, por una irresponsabilidad, que incluso huele a una acci\u00f3n premeditada, se tire al bote de la basura uno de los logros hist\u00f3ricos m\u00e1s importantes en materia de comunicaci\u00f3n radiof\u00f3nica en todo el pa\u00eds.<\/p>\n\n\n\n<figure class=\"wp-block-image size-full\"><img loading=\"lazy\" decoding=\"async\" width=\"2048\" height=\"1366\" src=\"https:\/\/plazajuarez.mx\/historico\/historico\/wp-content\/uploads\/2022\/10\/NO-QUEDRA\u0301-IMPUNES-LA-CAI\u0301DA-DEL-SISTEMA-DE-RADIO.-\u2013-Especial-.jpg\" alt=\"\" class=\"wp-image-236037\" srcset=\"https:\/\/plazajuarez.mx\/historico\/wp-content\/uploads\/2022\/10\/NO-QUEDRA\u0301-IMPUNES-LA-CAI\u0301DA-DEL-SISTEMA-DE-RADIO.-\u2013-Especial-.jpg 2048w, https:\/\/plazajuarez.mx\/historico\/wp-content\/uploads\/2022\/10\/NO-QUEDRA\u0301-IMPUNES-LA-CAI\u0301DA-DEL-SISTEMA-DE-RADIO.-\u2013-Especial--768x512.jpg 768w, https:\/\/plazajuarez.mx\/historico\/wp-content\/uploads\/2022\/10\/NO-QUEDRA\u0301-IMPUNES-LA-CAI\u0301DA-DEL-SISTEMA-DE-RADIO.-\u2013-Especial--1536x1025.jpg 1536w, https:\/\/plazajuarez.mx\/historico\/wp-content\/uploads\/2022\/10\/NO-QUEDRA\u0301-IMPUNES-LA-CAI\u0301DA-DEL-SISTEMA-DE-RADIO.-\u2013-Especial--274x183.jpg 274w, https:\/\/plazajuarez.mx\/historico\/wp-content\/uploads\/2022\/10\/NO-QUEDRA\u0301-IMPUNES-LA-CAI\u0301DA-DEL-SISTEMA-DE-RADIO.-\u2013-Especial--80x54.jpg 80w, https:\/\/plazajuarez.mx\/historico\/wp-content\/uploads\/2022\/10\/NO-QUEDRA\u0301-IMPUNES-LA-CAI\u0301DA-DEL-SISTEMA-DE-RADIO.-\u2013-Especial--130x87.jpg 130w, https:\/\/plazajuarez.mx\/historico\/wp-content\/uploads\/2022\/10\/NO-QUEDRA\u0301-IMPUNES-LA-CAI\u0301DA-DEL-SISTEMA-DE-RADIO.-\u2013-Especial--359x240.jpg 359w, https:\/\/plazajuarez.mx\/historico\/wp-content\/uploads\/2022\/10\/NO-QUEDRA\u0301-IMPUNES-LA-CAI\u0301DA-DEL-SISTEMA-DE-RADIO.-\u2013-Especial--85x57.jpg 85w, https:\/\/plazajuarez.mx\/historico\/wp-content\/uploads\/2022\/10\/NO-QUEDRA\u0301-IMPUNES-LA-CAI\u0301DA-DEL-SISTEMA-DE-RADIO.-\u2013-Especial--546x365.jpg 546w, https:\/\/plazajuarez.mx\/historico\/wp-content\/uploads\/2022\/10\/NO-QUEDRA\u0301-IMPUNES-LA-CAI\u0301DA-DEL-SISTEMA-DE-RADIO.-\u2013-Especial--165x109.jpg 165w, https:\/\/plazajuarez.mx\/historico\/wp-content\/uploads\/2022\/10\/NO-QUEDRA\u0301-IMPUNES-LA-CAI\u0301DA-DEL-SISTEMA-DE-RADIO.-\u2013-Especial--112x75.jpg 112w, https:\/\/plazajuarez.mx\/historico\/wp-content\/uploads\/2022\/10\/NO-QUEDRA\u0301-IMPUNES-LA-CAI\u0301DA-DEL-SISTEMA-DE-RADIO.-\u2013-Especial--179x120.jpg 179w, https:\/\/plazajuarez.mx\/historico\/wp-content\/uploads\/2022\/10\/NO-QUEDRA\u0301-IMPUNES-LA-CAI\u0301DA-DEL-SISTEMA-DE-RADIO.-\u2013-Especial--170x113.jpg 170w, https:\/\/plazajuarez.mx\/historico\/wp-content\/uploads\/2022\/10\/NO-QUEDRA\u0301-IMPUNES-LA-CAI\u0301DA-DEL-SISTEMA-DE-RADIO.-\u2013-Especial--81x55.jpg 81w, https:\/\/plazajuarez.mx\/historico\/wp-content\/uploads\/2022\/10\/NO-QUEDRA\u0301-IMPUNES-LA-CAI\u0301DA-DEL-SISTEMA-DE-RADIO.-\u2013-Especial--765x510.jpg 765w\" sizes=\"auto, (max-width: 2048px) 100vw, 2048px\" \/><\/figure>\n\n\n\n<p><strong>\u00bfCRISTIAN GUERRERO O FEDERICO LOZANO? \u00bfQUI\u00c9N LA VA A PAGAR? <\/strong>\u2013 Por evidentes razones, tendr\u00eda que ser el ex director general de Radio y Televisi\u00f3n de Hidalgo, <strong>Cristian Guerrero Barrag\u00e1n<\/strong>, quien debiera asumir p\u00fablicamente la responsabilidad de que se vaya a pique el Sistema de Radio Hidalguense. Y tambi\u00e9n por obvias razones, dado que no lo har\u00e1, quien sea investigado y castigado de acuerdo a la ley por semejante torpeza, al dedicar todo a construir estudios sin sentido, y olvidar estar al tanto de renovar los permisos de las estaciones que est\u00e1n a punto de cerrar. Tambi\u00e9n, por supuesto, tiene su culpa el ex director de Radio, <strong>Federico Lozano<\/strong>, pero est\u00e1 claro que es <strong>Cristian Guerrero<\/strong>, quien debe asumir la responsabilidad de semejante irresponsabilidad.<\/p>\n\n\n\n<figure class=\"wp-block-image size-full\"><img loading=\"lazy\" decoding=\"async\" width=\"1280\" height=\"652\" src=\"https:\/\/plazajuarez.mx\/historico\/historico\/wp-content\/uploads\/2022\/10\/\u00bfCRISTIAN-GUERRERO-O-FEDERICO-LOZANO_-\u00bfQUIE\u0301N-LA-VA-A-PAGAR_-\u2013-Especial-.jpeg\" alt=\"\" class=\"wp-image-236036\" srcset=\"https:\/\/plazajuarez.mx\/historico\/wp-content\/uploads\/2022\/10\/\u00bfCRISTIAN-GUERRERO-O-FEDERICO-LOZANO_-\u00bfQUIE\u0301N-LA-VA-A-PAGAR_-\u2013-Especial-.jpeg 1280w, https:\/\/plazajuarez.mx\/historico\/wp-content\/uploads\/2022\/10\/\u00bfCRISTIAN-GUERRERO-O-FEDERICO-LOZANO_-\u00bfQUIE\u0301N-LA-VA-A-PAGAR_-\u2013-Especial--768x391.jpeg 768w\" sizes=\"auto, (max-width: 1280px) 100vw, 1280px\" \/><\/figure>\n\n\n\n<p><strong>INVESTIGACI\u00d3N DE ENCINAS, UN DESASTRE.<\/strong> \u2013 Pese a que el propio presidente dijo que \u00e9l nos representa a todos, <strong>Alejandro Encinas,<\/strong> quien encabeza la investigaci\u00f3n del caso Ayotzinapa, el hecho es que la supuesta nueva investigaci\u00f3n result\u00f3 un desastre, una invenci\u00f3n de pies a cabeza. Por lo mientras tiene en la c\u00e1rcel al ex Procurador General de la Rep\u00fablica, <strong>Jes\u00fas Murillo Karam,<\/strong> en una situaci\u00f3n cr\u00edtica de salud sin que se le haya comprobado absolutamente nada, nada de nada, de lo que se le acusa. Una investigaci\u00f3n desastrosa, pat\u00e9tica, sin fundamento alguno, que simplemente fue orientada para desechar a toda costa lo que hab\u00eda hecho <strong>Murillo Karam.<\/strong> \u00bfSe vale? Por supuesto que no. <strong>Encinas <\/strong>solo ha demostrado ineptitud, y una obediencia a quien le orden\u00f3 tumbar la investigaci\u00f3n inicial que se mantiene como la mejor elaborada. El tiempo colocar\u00e1 a cada quien en su lugar sin duda alguna.<\/p>\n\n\n\n<figure class=\"wp-block-image size-full\"><img loading=\"lazy\" decoding=\"async\" width=\"630\" height=\"388\" src=\"https:\/\/plazajuarez.mx\/historico\/historico\/wp-content\/uploads\/2022\/10\/INVESTIGACIO\u0301N-DE-ENCINAS-UN-DESASTRE.-\u2013Especial-.jpg\" alt=\"\" class=\"wp-image-236038\" srcset=\"https:\/\/plazajuarez.mx\/historico\/wp-content\/uploads\/2022\/10\/INVESTIGACIO\u0301N-DE-ENCINAS-UN-DESASTRE.-\u2013Especial-.jpg 630w, https:\/\/plazajuarez.mx\/historico\/wp-content\/uploads\/2022\/10\/INVESTIGACIO\u0301N-DE-ENCINAS-UN-DESASTRE.-\u2013Especial--702x432.jpg 702w\" sizes=\"auto, (max-width: 630px) 100vw, 630px\" \/><\/figure>\n\n\n\n<p><strong>MUCHA, DEMASIADA VIOLENCIA<\/strong>. \u2013 Algo grave pasa, que todos los d\u00edas nos enteramos de nuevas ejecuciones en territorio hidalguense. Ya no es solo el Valle del Mezquital o la regi\u00f3n Tula-Tepeji. Ahora tambi\u00e9n Pachuca, Tulancingo y Atotonilco el Grande. El problema tiende a crecer. Si como se dijo, lo primero es reconocer la existencia de c\u00e1rteles del crimen organizado, ahora es preciso, urgente, se pase a las estrategias que impidan a toda costa que el problema crezca. A\u00fan es tiempo.<\/p>\n\n\n\n<figure class=\"wp-block-image size-full\"><img loading=\"lazy\" decoding=\"async\" width=\"853\" height=\"480\" src=\"https:\/\/plazajuarez.mx\/historico\/historico\/wp-content\/uploads\/2022\/10\/MUCHA-DEMASIADA-VIOLENCIA.-\u2013-Ilustrativa-.jpg\" alt=\"\" class=\"wp-image-236039\" srcset=\"https:\/\/plazajuarez.mx\/historico\/wp-content\/uploads\/2022\/10\/MUCHA-DEMASIADA-VIOLENCIA.-\u2013-Ilustrativa-.jpg 853w, https:\/\/plazajuarez.mx\/historico\/wp-content\/uploads\/2022\/10\/MUCHA-DEMASIADA-VIOLENCIA.-\u2013-Ilustrativa--768x432.jpg 768w\" sizes=\"auto, (max-width: 853px) 100vw, 853px\" \/><\/figure>\n\n\n\n<p><strong>Aviso para que no digan: Esta columna se nutre de comentarios recabados por agencias del Recontra-Espionaje, muy similares a las que populariz\u00f3 el \u201cS\u00faper Agente 86\u201d en sus tiempos. Como tal lo que publicamos puede que sea cierto, puede que no, o todo lo contrario. Est\u00e1 usted en libertad de creer o no lo que lee, recontra-enojarse, recontra- carcajearse y hasta recontra-recordarnos a nuestra jefecita (nosotros recontra-haremos lo propio). Avisado est\u00e1 usted.&nbsp;<\/strong><\/p>\n\n\n\n<p><strong>desexenterado@gmail.com @desexenterado&nbsp;<\/strong><\/p>\n","protected":false},"excerpt":{"rendered":"<p>NO QUEDAR\u00c1 IMPUNE LA CA\u00cdDA DEL SISTEMA DE RADIO. \u2013 El gobernador, Julio Menchaca Salazar, dijo claro y directo que la inminente ca\u00edda del Sistema de Radio a partir del 28 de noviembre, no quedar\u00e1 impune, porque se trata de una irresponsabilidad grav\u00edsima al perderse las estaciones que dieron origen al Sistema Radiof\u00f3nico permisionado, m\u00e1s [&hellip;]<\/p>\n","protected":false},"author":93,"featured_media":234681,"comment_status":"closed","ping_status":"closed","sticky":false,"template":"","format":"standard","meta":{"footnotes":""},"categories":[83],"tags":[],"class_list":["post-236035","post","type-post","status-publish","format-standard","has-post-thumbnail","hentry","category-dese-por-enterado"],"_links":{"self":[{"href":"https:\/\/plazajuarez.mx\/historico\/wp-json\/wp\/v2\/posts\/236035","targetHints":{"allow":["GET"]}}],"collection":[{"href":"https:\/\/plazajuarez.mx\/historico\/wp-json\/wp\/v2\/posts"}],"about":[{"href":"https:\/\/plazajuarez.mx\/historico\/wp-json\/wp\/v2\/types\/post"}],"author":[{"embeddable":true,"href":"https:\/\/plazajuarez.mx\/historico\/wp-json\/wp\/v2\/users\/93"}],"replies":[{"embeddable":true,"href":"https:\/\/plazajuarez.mx\/historico\/wp-json\/wp\/v2\/comments?post=236035"}],"version-history":[{"count":0,"href":"https:\/\/plazajuarez.mx\/historico\/wp-json\/wp\/v2\/posts\/236035\/revisions"}],"wp:featuredmedia":[{"embeddable":true,"href":"https:\/\/plazajuarez.mx\/historico\/wp-json\/wp\/v2\/media\/234681"}],"wp:attachment":[{"href":"https:\/\/plazajuarez.mx\/historico\/wp-json\/wp\/v2\/media?parent=236035"}],"wp:term":[{"taxonomy":"category","embeddable":true,"href":"https:\/\/plazajuarez.mx\/historico\/wp-json\/wp\/v2\/categories?post=236035"},{"taxonomy":"post_tag","embeddable":true,"href":"https:\/\/plazajuarez.mx\/historico\/wp-json\/wp\/v2\/tags?post=236035"}],"curies":[{"name":"wp","href":"https:\/\/api.w.org\/{rel}","templated":true}]}}