{"id":236030,"date":"2022-10-27T16:50:38","date_gmt":"2022-10-27T21:50:38","guid":{"rendered":"https:\/\/plazajuarez.mx\/?p=236030"},"modified":"2022-10-28T09:56:49","modified_gmt":"2022-10-28T14:56:49","slug":"panteon_","status":"publish","type":"post","link":"https:\/\/plazajuarez.mx\/historico\/panteon_\/","title":{"rendered":"PANTE\u00d3N SAN MIGUEL AMPLIAR\u00c1 SU HORARIO\u00a0DEL 28 DE OCTUBRE AL 2 DE NOVIEMBRE"},"content":{"rendered":"\n<p><\/p>\n\n\n\n<p>Con un pante\u00f3n limpio y once piletas abastecidas de h\u00eddrico, el cementerio San Miguel estima recibir en esta celebraci\u00f3n de d\u00eda de muertos un aproximado de 3 mil visitantes.<\/p>\n\n\n\n<p>As\u00ed lo inform\u00f3 Sergio Amador Hern\u00e1ndez, Director de panteones de Tulancingo, quien precis\u00f3 que desde este 28 de octubre y hasta el pr\u00f3ximo 2 de noviembre&nbsp; tendr\u00e1n un horario ampliado al habitual.<\/p>\n\n\n\n<p>Desde este viernes y hasta el pr\u00f3ximo 2 de noviembre, el horario ser\u00e1 desde las 8 de la ma\u00f1ana a 5 de la tarde, es decir con una hora m\u00e1s para dar oportunidad a que las personas ingresen sin prisas.<\/p>\n\n\n\n<p>El funcionario municipal indic\u00f3 que, para el ingreso de visitantes, mantendr\u00e1n la aplicaci\u00f3n de medidas indicadas por el sector salud y se contar\u00e1 con un arco sanitizante, y para garantizar la sana distancia, se habilitar\u00e1n dos entradas y as\u00ed evitar que existan aglomeraciones.<\/p>\n\n\n\n<p>Sobre los dos puntos de&nbsp; ingreso&nbsp; al pante\u00f3n ser\u00e1n: por el acceso &nbsp; principal sobre calle Zapotl\u00e1n de Allende&nbsp; y una m\u00e1s ingresando por el Para\u00edso, sobre la v\u00eda Tulancingo- Cuautepec.<\/p>\n\n\n\n<p>Por instrucciones del presidente Jorge M\u00e1rquez, se efectu\u00f3 la limpieza del camposanto con mucha anticipaci\u00f3n a estas fechas y&nbsp; tambi\u00e9n&nbsp; se ha previsto que posterior a la celebraci\u00f3n de todos santos, exista un plan para el retiro de flor deshidratada a fin de que no se pulverice y sea m\u00e1s complicado su manejo.<\/p>\n\n\n\n<p>Amador Hern\u00e1ndez tambi\u00e9n reiter\u00f3 la invitaci\u00f3n a los titulares de tumbas, para que en la visita que realizar\u00e1n a sus seres queridos, verifiquen el estado administrativo de sus espacios, ya que en reciente censo se&nbsp; ubic\u00f3 hasta un 80 por ciento en rezago&nbsp; en lo que confiere al pago de refrendos y existe toda la disposici\u00f3n para una atenci\u00f3n personalizada.<\/p>\n\n\n\n<p>En relaci\u00f3n a otras actividades que tendr\u00e1 el pante\u00f3n San Miguel se inform\u00f3 que en su explanada albergar\u00e1n el evento de narrativa de leyendas este 28 y 29 de octubre, con acceso gratuito.<\/p>\n\n\n\n<p>Por otra parte, el pante\u00f3n san Miguel colocar\u00e1 una ofrenda y la ciudadan\u00eda puede contribuir con alguna fotograf\u00eda de su familiar finado u otros insumos. La recepci\u00f3n de fotograf\u00edas y enseres alusivos de d\u00eda de muertos, ser\u00e1 a partir de este viernes. Para mayor informaci\u00f3n sobre temas relacionados al pante\u00f3n San Miguel, el tel\u00e9fono de contacto es 7757531841.<\/p>\n","protected":false},"excerpt":{"rendered":"<p>Con un pante\u00f3n limpio y once piletas abastecidas de h\u00eddrico, el cementerio San Miguel estima recibir en esta celebraci\u00f3n de d\u00eda de muertos un aproximado de 3 mil visitantes. As\u00ed lo inform\u00f3 Sergio Amador Hern\u00e1ndez, Director de panteones de Tulancingo, quien precis\u00f3 que desde este 28 de octubre y hasta el pr\u00f3ximo 2 de noviembre&nbsp; [&hellip;]<\/p>\n","protected":false},"author":93,"featured_media":236031,"comment_status":"closed","ping_status":"closed","sticky":false,"template":"","format":"standard","meta":{"footnotes":""},"categories":[15,2159,40],"tags":[],"class_list":["post-236030","post","type-post","status-publish","format-standard","has-post-thumbnail","hentry","category-destacadas","category-noticias-de-hidalgo","category-region"],"_links":{"self":[{"href":"https:\/\/plazajuarez.mx\/historico\/wp-json\/wp\/v2\/posts\/236030","targetHints":{"allow":["GET"]}}],"collection":[{"href":"https:\/\/plazajuarez.mx\/historico\/wp-json\/wp\/v2\/posts"}],"about":[{"href":"https:\/\/plazajuarez.mx\/historico\/wp-json\/wp\/v2\/types\/post"}],"author":[{"embeddable":true,"href":"https:\/\/plazajuarez.mx\/historico\/wp-json\/wp\/v2\/users\/93"}],"replies":[{"embeddable":true,"href":"https:\/\/plazajuarez.mx\/historico\/wp-json\/wp\/v2\/comments?post=236030"}],"version-history":[{"count":0,"href":"https:\/\/plazajuarez.mx\/historico\/wp-json\/wp\/v2\/posts\/236030\/revisions"}],"wp:featuredmedia":[{"embeddable":true,"href":"https:\/\/plazajuarez.mx\/historico\/wp-json\/wp\/v2\/media\/236031"}],"wp:attachment":[{"href":"https:\/\/plazajuarez.mx\/historico\/wp-json\/wp\/v2\/media?parent=236030"}],"wp:term":[{"taxonomy":"category","embeddable":true,"href":"https:\/\/plazajuarez.mx\/historico\/wp-json\/wp\/v2\/categories?post=236030"},{"taxonomy":"post_tag","embeddable":true,"href":"https:\/\/plazajuarez.mx\/historico\/wp-json\/wp\/v2\/tags?post=236030"}],"curies":[{"name":"wp","href":"https:\/\/api.w.org\/{rel}","templated":true}]}}