{"id":236018,"date":"2022-10-27T14:53:22","date_gmt":"2022-10-27T19:53:22","guid":{"rendered":"https:\/\/plazajuarez.mx\/?p=236018"},"modified":"2022-10-27T14:53:29","modified_gmt":"2022-10-27T19:53:29","slug":"julio_valera-4","status":"publish","type":"post","link":"https:\/\/plazajuarez.mx\/historico\/julio_valera-4\/","title":{"rendered":"\u00a0Julio Valera llam\u00f3 a los priistas a no renunciar a las tradiciones hidalguenses"},"content":{"rendered":"\n<p>La dirigencia estatal del Partido Revolucionario Institucional (PRI) en Hidalgo, encabezada por Julio Valera Piedras y Yarely Melo, presidente y secretaria general respectivamente, a trav\u00e9s de la Secretar\u00eda de Cultura que conduce Raciel Meneses, llev\u00f3 a cabo la colocaci\u00f3n del altar de muertos en la sede estatal tricolor acto en el que estuvieron presentes, Adela P\u00e9rez\u00a0 Secretaria de Acci\u00f3n Ind\u00edgena, as\u00ed como los diputados locales Michelle Calder\u00f3n, Erika Rodr\u00edguez, Juan de Dios Pontigo y Marcia Torres.<\/p>\n\n\n\n<figure class=\"wp-block-image size-full\"><img loading=\"lazy\" decoding=\"async\" width=\"1600\" height=\"1067\" src=\"https:\/\/plazajuarez.mx\/historico\/historico\/wp-content\/uploads\/2022\/10\/Foto-11.jpg\" alt=\"\" class=\"wp-image-236020\" srcset=\"https:\/\/plazajuarez.mx\/historico\/wp-content\/uploads\/2022\/10\/Foto-11.jpg 1600w, https:\/\/plazajuarez.mx\/historico\/wp-content\/uploads\/2022\/10\/Foto-11-768x512.jpg 768w, https:\/\/plazajuarez.mx\/historico\/wp-content\/uploads\/2022\/10\/Foto-11-1536x1024.jpg 1536w, https:\/\/plazajuarez.mx\/historico\/wp-content\/uploads\/2022\/10\/Foto-11-274x183.jpg 274w, https:\/\/plazajuarez.mx\/historico\/wp-content\/uploads\/2022\/10\/Foto-11-80x54.jpg 80w, https:\/\/plazajuarez.mx\/historico\/wp-content\/uploads\/2022\/10\/Foto-11-130x87.jpg 130w, https:\/\/plazajuarez.mx\/historico\/wp-content\/uploads\/2022\/10\/Foto-11-359x240.jpg 359w, https:\/\/plazajuarez.mx\/historico\/wp-content\/uploads\/2022\/10\/Foto-11-85x57.jpg 85w, https:\/\/plazajuarez.mx\/historico\/wp-content\/uploads\/2022\/10\/Foto-11-546x365.jpg 546w, https:\/\/plazajuarez.mx\/historico\/wp-content\/uploads\/2022\/10\/Foto-11-165x109.jpg 165w, https:\/\/plazajuarez.mx\/historico\/wp-content\/uploads\/2022\/10\/Foto-11-112x75.jpg 112w, https:\/\/plazajuarez.mx\/historico\/wp-content\/uploads\/2022\/10\/Foto-11-179x120.jpg 179w, https:\/\/plazajuarez.mx\/historico\/wp-content\/uploads\/2022\/10\/Foto-11-170x113.jpg 170w, https:\/\/plazajuarez.mx\/historico\/wp-content\/uploads\/2022\/10\/Foto-11-81x55.jpg 81w, https:\/\/plazajuarez.mx\/historico\/wp-content\/uploads\/2022\/10\/Foto-11-765x510.jpg 765w\" sizes=\"auto, (max-width: 1600px) 100vw, 1600px\" \/><\/figure>\n\n\n\n<p>Al hacer uso de la voz, Julio Valera llam\u00f3 a los priistas a no renunciar a las tradiciones hidalguenses pues son herencias ancestrales.<\/p>\n\n\n\n<p>Con esta actividad se a\u00f1ora a quienes ya no est\u00e1n presentes al adelantarse en el camino y con esta tradici\u00f3n se encuentran aqu\u00ed.<\/p>\n\n\n\n<figure class=\"wp-block-image size-full\"><img loading=\"lazy\" decoding=\"async\" width=\"1600\" height=\"1067\" src=\"https:\/\/plazajuarez.mx\/historico\/historico\/wp-content\/uploads\/2022\/10\/Foto-14.jpg\" alt=\"\" class=\"wp-image-236021\" srcset=\"https:\/\/plazajuarez.mx\/historico\/wp-content\/uploads\/2022\/10\/Foto-14.jpg 1600w, https:\/\/plazajuarez.mx\/historico\/wp-content\/uploads\/2022\/10\/Foto-14-768x512.jpg 768w, https:\/\/plazajuarez.mx\/historico\/wp-content\/uploads\/2022\/10\/Foto-14-1536x1024.jpg 1536w, https:\/\/plazajuarez.mx\/historico\/wp-content\/uploads\/2022\/10\/Foto-14-274x183.jpg 274w, https:\/\/plazajuarez.mx\/historico\/wp-content\/uploads\/2022\/10\/Foto-14-80x54.jpg 80w, https:\/\/plazajuarez.mx\/historico\/wp-content\/uploads\/2022\/10\/Foto-14-130x87.jpg 130w, https:\/\/plazajuarez.mx\/historico\/wp-content\/uploads\/2022\/10\/Foto-14-359x240.jpg 359w, https:\/\/plazajuarez.mx\/historico\/wp-content\/uploads\/2022\/10\/Foto-14-85x57.jpg 85w, https:\/\/plazajuarez.mx\/historico\/wp-content\/uploads\/2022\/10\/Foto-14-546x365.jpg 546w, https:\/\/plazajuarez.mx\/historico\/wp-content\/uploads\/2022\/10\/Foto-14-165x109.jpg 165w, https:\/\/plazajuarez.mx\/historico\/wp-content\/uploads\/2022\/10\/Foto-14-112x75.jpg 112w, https:\/\/plazajuarez.mx\/historico\/wp-content\/uploads\/2022\/10\/Foto-14-179x120.jpg 179w, https:\/\/plazajuarez.mx\/historico\/wp-content\/uploads\/2022\/10\/Foto-14-170x113.jpg 170w, https:\/\/plazajuarez.mx\/historico\/wp-content\/uploads\/2022\/10\/Foto-14-81x55.jpg 81w, https:\/\/plazajuarez.mx\/historico\/wp-content\/uploads\/2022\/10\/Foto-14-765x510.jpg 765w\" sizes=\"auto, (max-width: 1600px) 100vw, 1600px\" \/><\/figure>\n\n\n\n<p>&#8220;Eso nos ayuda para que podamos ver en este Altar a hombres y mujeres que construyeron este edificio y este gran partido que somos y que desgraciadamente ya no est\u00e1n aqu\u00ed. Honraremos por siempre su memoria con la emoci\u00f3n y la pasi\u00f3n que pusieron en cada momento para engrandecer a su partido\u201d, finaliz\u00f3 Julio Valera.<\/p>\n\n\n\n<figure class=\"wp-block-image size-full\"><img loading=\"lazy\" decoding=\"async\" width=\"1600\" height=\"1067\" src=\"https:\/\/plazajuarez.mx\/historico\/historico\/wp-content\/uploads\/2022\/10\/Foto-9.jpg\" alt=\"\" class=\"wp-image-236022\" srcset=\"https:\/\/plazajuarez.mx\/historico\/wp-content\/uploads\/2022\/10\/Foto-9.jpg 1600w, https:\/\/plazajuarez.mx\/historico\/wp-content\/uploads\/2022\/10\/Foto-9-768x512.jpg 768w, https:\/\/plazajuarez.mx\/historico\/wp-content\/uploads\/2022\/10\/Foto-9-1536x1024.jpg 1536w, https:\/\/plazajuarez.mx\/historico\/wp-content\/uploads\/2022\/10\/Foto-9-274x183.jpg 274w, https:\/\/plazajuarez.mx\/historico\/wp-content\/uploads\/2022\/10\/Foto-9-80x54.jpg 80w, https:\/\/plazajuarez.mx\/historico\/wp-content\/uploads\/2022\/10\/Foto-9-130x87.jpg 130w, https:\/\/plazajuarez.mx\/historico\/wp-content\/uploads\/2022\/10\/Foto-9-359x240.jpg 359w, https:\/\/plazajuarez.mx\/historico\/wp-content\/uploads\/2022\/10\/Foto-9-85x57.jpg 85w, https:\/\/plazajuarez.mx\/historico\/wp-content\/uploads\/2022\/10\/Foto-9-546x365.jpg 546w, https:\/\/plazajuarez.mx\/historico\/wp-content\/uploads\/2022\/10\/Foto-9-165x109.jpg 165w, https:\/\/plazajuarez.mx\/historico\/wp-content\/uploads\/2022\/10\/Foto-9-112x75.jpg 112w, https:\/\/plazajuarez.mx\/historico\/wp-content\/uploads\/2022\/10\/Foto-9-179x120.jpg 179w, https:\/\/plazajuarez.mx\/historico\/wp-content\/uploads\/2022\/10\/Foto-9-170x113.jpg 170w, https:\/\/plazajuarez.mx\/historico\/wp-content\/uploads\/2022\/10\/Foto-9-81x55.jpg 81w, https:\/\/plazajuarez.mx\/historico\/wp-content\/uploads\/2022\/10\/Foto-9-765x510.jpg 765w\" sizes=\"auto, (max-width: 1600px) 100vw, 1600px\" \/><\/figure>\n","protected":false},"excerpt":{"rendered":"<p>La dirigencia estatal del Partido Revolucionario Institucional (PRI) en Hidalgo, encabezada por Julio Valera Piedras y Yarely Melo, presidente y secretaria general respectivamente, a trav\u00e9s de la Secretar\u00eda de Cultura que conduce Raciel Meneses, llev\u00f3 a cabo la colocaci\u00f3n del altar de muertos en la sede estatal tricolor acto en el que estuvieron presentes, Adela [&hellip;]<\/p>\n","protected":false},"author":93,"featured_media":236019,"comment_status":"closed","ping_status":"closed","sticky":false,"template":"","format":"standard","meta":{"footnotes":""},"categories":[15,59,2159],"tags":[],"class_list":["post-236018","post","type-post","status-publish","format-standard","has-post-thumbnail","hentry","category-destacadas","category-general","category-noticias-de-hidalgo"],"_links":{"self":[{"href":"https:\/\/plazajuarez.mx\/historico\/wp-json\/wp\/v2\/posts\/236018","targetHints":{"allow":["GET"]}}],"collection":[{"href":"https:\/\/plazajuarez.mx\/historico\/wp-json\/wp\/v2\/posts"}],"about":[{"href":"https:\/\/plazajuarez.mx\/historico\/wp-json\/wp\/v2\/types\/post"}],"author":[{"embeddable":true,"href":"https:\/\/plazajuarez.mx\/historico\/wp-json\/wp\/v2\/users\/93"}],"replies":[{"embeddable":true,"href":"https:\/\/plazajuarez.mx\/historico\/wp-json\/wp\/v2\/comments?post=236018"}],"version-history":[{"count":0,"href":"https:\/\/plazajuarez.mx\/historico\/wp-json\/wp\/v2\/posts\/236018\/revisions"}],"wp:featuredmedia":[{"embeddable":true,"href":"https:\/\/plazajuarez.mx\/historico\/wp-json\/wp\/v2\/media\/236019"}],"wp:attachment":[{"href":"https:\/\/plazajuarez.mx\/historico\/wp-json\/wp\/v2\/media?parent=236018"}],"wp:term":[{"taxonomy":"category","embeddable":true,"href":"https:\/\/plazajuarez.mx\/historico\/wp-json\/wp\/v2\/categories?post=236018"},{"taxonomy":"post_tag","embeddable":true,"href":"https:\/\/plazajuarez.mx\/historico\/wp-json\/wp\/v2\/tags?post=236018"}],"curies":[{"name":"wp","href":"https:\/\/api.w.org\/{rel}","templated":true}]}}