{"id":236010,"date":"2022-10-27T14:44:35","date_gmt":"2022-10-27T19:44:35","guid":{"rendered":"https:\/\/plazajuarez.mx\/?p=236010"},"modified":"2022-10-27T14:46:23","modified_gmt":"2022-10-27T19:46:23","slug":"hidalgo_","status":"publish","type":"post","link":"https:\/\/plazajuarez.mx\/historico\/hidalgo_\/","title":{"rendered":"Fin a exclusi\u00f3n y desigualdad en el desarrollo inmobiliario de Hidalgo"},"content":{"rendered":"\n<ul class=\"wp-block-list\"><li><em>Inaugura el gobernador Julio Menchaca Foro Canadevi y toma protesta al Consejo Directivo 2021-2022&nbsp;<\/em><\/li><li><em>Exhorta a seguir trabajando en la construcci\u00f3n del Hidalgo que queremos y refrenda compromiso de generar mecanismos para atraer inversi\u00f3n<\/em><\/li><\/ul>\n\n\n\n<p>Como parte del compromiso de generar pol\u00edticas p\u00fablicas encaminadas al desarrollo inmobiliario sostenible, el gobernador Julio Menchaca Salazar, inaugur\u00f3 el Foro \u201cConstruyendo vivienda para una nueva ciudad\u201d. El encuentro fue organizado por la C\u00e1mara Nacional de la Industria de Desarrollo y Promoci\u00f3n de Vivienda (Canadevi).<\/p>\n\n\n\n<figure class=\"wp-block-image size-full\"><img loading=\"lazy\" decoding=\"async\" width=\"1280\" height=\"720\" src=\"https:\/\/plazajuarez.mx\/historico\/historico\/wp-content\/uploads\/2022\/10\/unnamed-3-3.jpg\" alt=\"\" class=\"wp-image-236012\" srcset=\"https:\/\/plazajuarez.mx\/historico\/wp-content\/uploads\/2022\/10\/unnamed-3-3.jpg 1280w, https:\/\/plazajuarez.mx\/historico\/wp-content\/uploads\/2022\/10\/unnamed-3-3-768x432.jpg 768w\" sizes=\"auto, (max-width: 1280px) 100vw, 1280px\" \/><\/figure>\n\n\n\n<p>Al tomar protesta al Consejo Directivo 2021-2022, reconoci\u00f3 el reto que representa la construcci\u00f3n de viviendas dignas y lament\u00f3 que la corrupci\u00f3n diera origen al abandono de esta responsabilidad que margin\u00f3 a miles de hidalguenses.<\/p>\n\n\n\n<p>El titular del Ejecutivo Estatal enfatiz\u00f3 que el cambio de r\u00e9gimen en la entidad permitir\u00e1 garantizar la construcci\u00f3n de espacios dignos que disminuyan la exclusi\u00f3n y desigualdad, al tiempo en que se contribuye a reducir el impacto ambiental con una visi\u00f3n humana, sensible e inclusiva.<\/p>\n\n\n\n<p>&nbsp;\u201cNos mantenemos dispuestos a atender sus quejas, pues estamos trascendiendo el discurso en hechos concretos que eliminen pr\u00e1cticas que han lacerado a la sociedad y al sector empresarial\u201d, declar\u00f3 al reiterar la disposici\u00f3n de su administraci\u00f3n para construir el Hidalgo que todas y todos queremos.<\/p>\n\n\n\n<p>Menchaca Salazar subray\u00f3 que la cercan\u00eda con el Aeropuerto Internacional Felipe \u00c1ngeles es un factor que favorece el crecimiento econ\u00f3mico local, por lo que en breve dar\u00e1 a conocer mecanismos de atracci\u00f3n de inversionistas nacionales y extranjeros en beneficio de la ciudadan\u00eda.\u00a0<\/p>\n\n\n\n<figure class=\"wp-block-image size-full\"><img loading=\"lazy\" decoding=\"async\" width=\"1280\" height=\"853\" src=\"https:\/\/plazajuarez.mx\/historico\/historico\/wp-content\/uploads\/2022\/10\/unnamed-7.jpg\" alt=\"\" class=\"wp-image-236013\" srcset=\"https:\/\/plazajuarez.mx\/historico\/wp-content\/uploads\/2022\/10\/unnamed-7.jpg 1280w, https:\/\/plazajuarez.mx\/historico\/wp-content\/uploads\/2022\/10\/unnamed-7-768x512.jpg 768w, https:\/\/plazajuarez.mx\/historico\/wp-content\/uploads\/2022\/10\/unnamed-7-274x183.jpg 274w, https:\/\/plazajuarez.mx\/historico\/wp-content\/uploads\/2022\/10\/unnamed-7-80x54.jpg 80w, https:\/\/plazajuarez.mx\/historico\/wp-content\/uploads\/2022\/10\/unnamed-7-130x87.jpg 130w, https:\/\/plazajuarez.mx\/historico\/wp-content\/uploads\/2022\/10\/unnamed-7-359x240.jpg 359w, https:\/\/plazajuarez.mx\/historico\/wp-content\/uploads\/2022\/10\/unnamed-7-85x57.jpg 85w, https:\/\/plazajuarez.mx\/historico\/wp-content\/uploads\/2022\/10\/unnamed-7-546x365.jpg 546w, https:\/\/plazajuarez.mx\/historico\/wp-content\/uploads\/2022\/10\/unnamed-7-165x109.jpg 165w, https:\/\/plazajuarez.mx\/historico\/wp-content\/uploads\/2022\/10\/unnamed-7-112x75.jpg 112w, https:\/\/plazajuarez.mx\/historico\/wp-content\/uploads\/2022\/10\/unnamed-7-179x120.jpg 179w, https:\/\/plazajuarez.mx\/historico\/wp-content\/uploads\/2022\/10\/unnamed-7-170x113.jpg 170w, https:\/\/plazajuarez.mx\/historico\/wp-content\/uploads\/2022\/10\/unnamed-7-81x55.jpg 81w, https:\/\/plazajuarez.mx\/historico\/wp-content\/uploads\/2022\/10\/unnamed-7-765x510.jpg 765w\" sizes=\"auto, (max-width: 1280px) 100vw, 1280px\" \/><\/figure>\n\n\n\n<p>Alberto Moreno G\u00f3mez Monroy, dirigente nacional de la Canadevi inform\u00f3 que en Hidalgo 72 mil personas cuentan con un cr\u00e9dito autorizado para acceder a una vivienda.<\/p>\n\n\n\n<p>Sin embargo, &#8211;a\u00f1adi\u00f3&#8211;, no se cuenta con la infraestructura necesaria, por lo que atender las problem\u00e1ticas derivadas del ordenamiento territorial y el abastecimiento de agua o energ\u00eda el\u00e9ctrica debe ser una de las tareas urgentes para evitar cinturones de pobreza.&nbsp;<\/p>\n\n\n\n<p>Por su parte, Alfredo Le\u00f3n Mart\u00ednez, presidente de la Canadevi delegaci\u00f3n Hidalgo, llam\u00f3 a las autoridades a implementar las estrategias necesarias que permitan cubrir la demanda de vivienda. Dijo que este tipo de encuentros abren el dialogo entre c\u00e1maras de comercio, gobierno y sociedad civil.&nbsp;<\/p>\n","protected":false},"excerpt":{"rendered":"<p>Inaugura el gobernador Julio Menchaca Foro Canadevi y toma protesta al Consejo Directivo 2021-2022&nbsp; Exhorta a seguir trabajando en la construcci\u00f3n del Hidalgo que queremos y refrenda compromiso de generar mecanismos para atraer inversi\u00f3n Como parte del compromiso de generar pol\u00edticas p\u00fablicas encaminadas al desarrollo inmobiliario sostenible, el gobernador Julio Menchaca Salazar, inaugur\u00f3 el Foro [&hellip;]<\/p>\n","protected":false},"author":93,"featured_media":236011,"comment_status":"closed","ping_status":"closed","sticky":false,"template":"","format":"standard","meta":{"footnotes":""},"categories":[15,59,2159],"tags":[],"class_list":["post-236010","post","type-post","status-publish","format-standard","has-post-thumbnail","hentry","category-destacadas","category-general","category-noticias-de-hidalgo"],"_links":{"self":[{"href":"https:\/\/plazajuarez.mx\/historico\/wp-json\/wp\/v2\/posts\/236010","targetHints":{"allow":["GET"]}}],"collection":[{"href":"https:\/\/plazajuarez.mx\/historico\/wp-json\/wp\/v2\/posts"}],"about":[{"href":"https:\/\/plazajuarez.mx\/historico\/wp-json\/wp\/v2\/types\/post"}],"author":[{"embeddable":true,"href":"https:\/\/plazajuarez.mx\/historico\/wp-json\/wp\/v2\/users\/93"}],"replies":[{"embeddable":true,"href":"https:\/\/plazajuarez.mx\/historico\/wp-json\/wp\/v2\/comments?post=236010"}],"version-history":[{"count":0,"href":"https:\/\/plazajuarez.mx\/historico\/wp-json\/wp\/v2\/posts\/236010\/revisions"}],"wp:featuredmedia":[{"embeddable":true,"href":"https:\/\/plazajuarez.mx\/historico\/wp-json\/wp\/v2\/media\/236011"}],"wp:attachment":[{"href":"https:\/\/plazajuarez.mx\/historico\/wp-json\/wp\/v2\/media?parent=236010"}],"wp:term":[{"taxonomy":"category","embeddable":true,"href":"https:\/\/plazajuarez.mx\/historico\/wp-json\/wp\/v2\/categories?post=236010"},{"taxonomy":"post_tag","embeddable":true,"href":"https:\/\/plazajuarez.mx\/historico\/wp-json\/wp\/v2\/tags?post=236010"}],"curies":[{"name":"wp","href":"https:\/\/api.w.org\/{rel}","templated":true}]}}