{"id":236007,"date":"2022-10-27T14:38:02","date_gmt":"2022-10-27T19:38:02","guid":{"rendered":"https:\/\/plazajuarez.mx\/?p=236007"},"modified":"2022-10-27T14:46:12","modified_gmt":"2022-10-27T19:46:12","slug":"congreso_","status":"publish","type":"post","link":"https:\/\/plazajuarez.mx\/historico\/congreso_\/","title":{"rendered":"Congreso de Hidalgo realiz\u00f3 capacitaci\u00f3n para la consulta sobre derechos pol\u00edticos de personas con discapacidad"},"content":{"rendered":"\n<p>La Primera Comisi\u00f3n Permanente de Derechos Humanos y Atenci\u00f3n de las Personas con Discapacidad llevo a cabo el programa de capacitaci\u00f3n rumbo a la consulta sobre derechos pol\u00edticos de las personas con discapacidad de Hidalgo 2022.<\/p>\n\n\n\n<p>En el lobby del Congreso de Hidalgo fue realizada la ponencia a cargo de Jennifer Massiel Escorzcia Ram\u00edrez de la Asociaci\u00f3n Nacional S\u00edndrome Treacher Collins Liam M\u00e9xico, con el tema: Hablemos de inclusi\u00f3n.<\/p>\n\n\n\n<p>La diputada, Michelle Calder\u00f3n Rodr\u00edguez, quien tambi\u00e9n es presidenta de la comisi\u00f3n antes mencionada, dio a conocer a partir del 7 de noviembre iniciaran los siete foros regionales de la consulta, el primero de ellos ser\u00e1 en el Congreso estatal, despu\u00e9s en Huejutla, Molango, Ixmiquilpan, Tula, Tulancingo y Mineral de la Reforma.<\/p>\n","protected":false},"excerpt":{"rendered":"<p>La Primera Comisi\u00f3n Permanente de Derechos Humanos y Atenci\u00f3n de las Personas con Discapacidad llevo a cabo el programa de capacitaci\u00f3n rumbo a la consulta sobre derechos pol\u00edticos de las personas con discapacidad de Hidalgo 2022. En el lobby del Congreso de Hidalgo fue realizada la ponencia a cargo de Jennifer Massiel Escorzcia Ram\u00edrez de [&hellip;]<\/p>\n","protected":false},"author":93,"featured_media":236008,"comment_status":"closed","ping_status":"closed","sticky":false,"template":"","format":"standard","meta":{"footnotes":""},"categories":[15,59,2159],"tags":[],"class_list":["post-236007","post","type-post","status-publish","format-standard","has-post-thumbnail","hentry","category-destacadas","category-general","category-noticias-de-hidalgo"],"_links":{"self":[{"href":"https:\/\/plazajuarez.mx\/historico\/wp-json\/wp\/v2\/posts\/236007","targetHints":{"allow":["GET"]}}],"collection":[{"href":"https:\/\/plazajuarez.mx\/historico\/wp-json\/wp\/v2\/posts"}],"about":[{"href":"https:\/\/plazajuarez.mx\/historico\/wp-json\/wp\/v2\/types\/post"}],"author":[{"embeddable":true,"href":"https:\/\/plazajuarez.mx\/historico\/wp-json\/wp\/v2\/users\/93"}],"replies":[{"embeddable":true,"href":"https:\/\/plazajuarez.mx\/historico\/wp-json\/wp\/v2\/comments?post=236007"}],"version-history":[{"count":0,"href":"https:\/\/plazajuarez.mx\/historico\/wp-json\/wp\/v2\/posts\/236007\/revisions"}],"wp:featuredmedia":[{"embeddable":true,"href":"https:\/\/plazajuarez.mx\/historico\/wp-json\/wp\/v2\/media\/236008"}],"wp:attachment":[{"href":"https:\/\/plazajuarez.mx\/historico\/wp-json\/wp\/v2\/media?parent=236007"}],"wp:term":[{"taxonomy":"category","embeddable":true,"href":"https:\/\/plazajuarez.mx\/historico\/wp-json\/wp\/v2\/categories?post=236007"},{"taxonomy":"post_tag","embeddable":true,"href":"https:\/\/plazajuarez.mx\/historico\/wp-json\/wp\/v2\/tags?post=236007"}],"curies":[{"name":"wp","href":"https:\/\/api.w.org\/{rel}","templated":true}]}}