{"id":236000,"date":"2022-10-27T14:28:09","date_gmt":"2022-10-27T19:28:09","guid":{"rendered":"https:\/\/plazajuarez.mx\/?p=236000"},"modified":"2022-10-27T14:28:15","modified_gmt":"2022-10-27T19:28:15","slug":"mon","status":"publish","type":"post","link":"https:\/\/plazajuarez.mx\/historico\/mon\/","title":{"rendered":"Mon Laferte responde a las cr\u00edticas por haberse casado de blanco"},"content":{"rendered":"\n<p>Mon Laferte lo dice convencida y con una gran sonrisa en el rostro, &#8220;es bien bonito casarse&#8221;, suceso que viene a coronar un a\u00f1o de transformaciones en su vida, en el cual pas\u00f3 de ser una artista dedicada a su m\u00fasica, a convertirse adem\u00e1s en madre y esposa, sumando a esto el haber regresado a los escenarios en con una extensa gira que est\u00e1 en su etapa final.<\/p>\n\n\n\n<p>&#8220;El curso de mi vida ha tomado un curso bien bonito, de crecimiento no s\u00f3lo laboral y profesional, sino tambi\u00e9n personal, el estar aprendiendo d\u00eda a d\u00eda a ser madre, que es maravilloso, y el poder seguir haciendo las dos cosas, trabajar y tener beb\u00e9s, que no es f\u00e1cil, pero aun con las dificultades es lindo, ahora quiero seguir haciendo m\u00fasica&#8221;, dijo Mon Laferte, durante un encuentro con la prensa para dar a conocer la etapa final de su gira.<\/p>\n\n\n\n<p>La cantante acept\u00f3 que antes no ten\u00eda en la mente el deseo de casarse, pero al conocer a Joel Orta, su ahora esposo, todo cambi\u00f3 y quiso llegar al altar con \u00e9l, tal y como lo hizo hace una semana.<\/p>\n\n\n\n<p>&#8220;Es lindo hacer una ceremonia, es lindo el acto de juntarte con todas las personas que son importantes en tu vida, y contarles que eleg\u00ed a Joel para que me acompa\u00f1e, que es el pap\u00e1 de mi hijo y quiero estar con \u00e9l el mayor tiempo posible y apoyarnos mutuamente, es bonito compartir esto con la gente que amas&#8221;.<\/p>\n\n\n\n<p>Mon consider\u00f3 que aquellos que la han criticado por haberse casado siendo feminista, posiblemente no est\u00e1n informados sobre lo que es este movimiento, porque est\u00e1 ideolog\u00eda no est\u00e1 peleada con el matrimonio.<\/p>\n\n\n\n<p>&#8220;No creo que choquen, para mi entender el feminismo es que las mujeres podamos tener la libertad de hacer lo que nos venga en gana, ya sea casarte, no casarte, rasurarte o no rasurarte, abortar o no abortar, pero lo principal es que no queremos que nos violen, que abusen de nosotras, entonces no me hace sentido, aunque yo me case sigo pensando que podemos decidir sobre nuestro cuerpo&#8221;.<\/p>\n\n\n\n<p>La cantante se\u00f1al\u00f3 que a pesar de ser mam\u00e1 sigue apoyando el derecho a abortar y si ella quiso casarse de blanco, nadie puede criticarla porque fue su decisi\u00f3n y nadie puede decirle qu\u00e9 hacer, por eso se le hace absurdo que la critiquen por haber pasado por el altar.<\/p>\n\n\n\n<p>&#8212;La maternidad cambi\u00f3 a Mon Laferte<\/p>\n\n\n\n<p>La cantante chilena tambi\u00e9n comparti\u00f3 que a partir de su maternidad hubo un cambio creativo en ella, porque durante su embarazo le costaba trabajo escribir o pintar, pero al llegar el peque\u00f1o Joel ahora lo que le hace falta es tiempo para aterrizar todos los proyectos que tiene en mente, porque adem\u00e1s de estar en medio de una gira, el ser mam\u00e1 ocupa gran parte de su tiempo.<\/p>\n\n\n\n<p>De igual manera se dijo muy contenta por su nominaci\u00f3n a los Latin Grammy, en la categor\u00eda Canci\u00f3n del A\u00f1o por el tema Algo es mejor, un reconocimiento que de ganarlo lo compartir\u00eda con su equipo, y acept\u00f3 que fue una nominaci\u00f3n que no esperaba, pero la recibe con mucha humildad.<\/p>\n\n\n\n<p>La int\u00e9rprete de &#8220;Tu falta de querer&#8221;, comparti\u00f3 las fechas que siguen de su gira, el 25 de noviembre en M\u00e9rida, el 26 en Canc\u00fan, 2 de diciembre en Tijuana, el 8 de diciembre en la Ciudad de M\u00e9xico, donde se supon\u00eda terminar\u00eda su tour, pero lo har\u00e1 el 10 de diciembre en Oaxaca.<\/p>\n\n\n\n<p>&#8220;Ha sido un a\u00f1o bello regresar a los escenarios postmaternidad, me hace mucha ilusi\u00f3n porque son los \u00faltimos conciertos, estamos cerrando el a\u00f1o, voy a ir a ciudades que son muy importantes para m\u00ed, hab\u00edamos dicho, cierre de tour Auditorio Nacional, y a \u00faltima hora llegaron a proponerme Oaxaca y no me pude negar a esta invitaci\u00f3n&#8221;.<\/p>\n","protected":false},"excerpt":{"rendered":"<p>Mon Laferte lo dice convencida y con una gran sonrisa en el rostro, &#8220;es bien bonito casarse&#8221;, suceso que viene a coronar un a\u00f1o de transformaciones en su vida, en el cual pas\u00f3 de ser una artista dedicada a su m\u00fasica, a convertirse adem\u00e1s en madre y esposa, sumando a esto el haber regresado a [&hellip;]<\/p>\n","protected":false},"author":81,"featured_media":236001,"comment_status":"closed","ping_status":"closed","sticky":false,"template":"","format":"standard","meta":{"footnotes":""},"categories":[38],"tags":[],"class_list":["post-236000","post","type-post","status-publish","format-standard","has-post-thumbnail","hentry","category-show"],"_links":{"self":[{"href":"https:\/\/plazajuarez.mx\/historico\/wp-json\/wp\/v2\/posts\/236000","targetHints":{"allow":["GET"]}}],"collection":[{"href":"https:\/\/plazajuarez.mx\/historico\/wp-json\/wp\/v2\/posts"}],"about":[{"href":"https:\/\/plazajuarez.mx\/historico\/wp-json\/wp\/v2\/types\/post"}],"author":[{"embeddable":true,"href":"https:\/\/plazajuarez.mx\/historico\/wp-json\/wp\/v2\/users\/81"}],"replies":[{"embeddable":true,"href":"https:\/\/plazajuarez.mx\/historico\/wp-json\/wp\/v2\/comments?post=236000"}],"version-history":[{"count":0,"href":"https:\/\/plazajuarez.mx\/historico\/wp-json\/wp\/v2\/posts\/236000\/revisions"}],"wp:featuredmedia":[{"embeddable":true,"href":"https:\/\/plazajuarez.mx\/historico\/wp-json\/wp\/v2\/media\/236001"}],"wp:attachment":[{"href":"https:\/\/plazajuarez.mx\/historico\/wp-json\/wp\/v2\/media?parent=236000"}],"wp:term":[{"taxonomy":"category","embeddable":true,"href":"https:\/\/plazajuarez.mx\/historico\/wp-json\/wp\/v2\/categories?post=236000"},{"taxonomy":"post_tag","embeddable":true,"href":"https:\/\/plazajuarez.mx\/historico\/wp-json\/wp\/v2\/tags?post=236000"}],"curies":[{"name":"wp","href":"https:\/\/api.w.org\/{rel}","templated":true}]}}