{"id":235996,"date":"2022-10-27T14:16:51","date_gmt":"2022-10-27T19:16:51","guid":{"rendered":"https:\/\/plazajuarez.mx\/?p=235996"},"modified":"2022-10-27T14:53:09","modified_gmt":"2022-10-27T19:53:09","slug":"metro_hiere","status":"publish","type":"post","link":"https:\/\/plazajuarez.mx\/historico\/metro_hiere\/","title":{"rendered":"Hombre hiere con cuchillo a 3 personas en metro Chabacano"},"content":{"rendered":"\n<p>El Metro inform\u00f3 que esta ma\u00f1ana personal de Seguridad Institucional del organismo y de la Secretar\u00eda de Seguridad Ciudadana (SSC) de la Ciudad de M\u00e9xico asignado a la estaci\u00f3n Chabacano de la L\u00ednea 9 detuvo a una persona que presuntamente hiri\u00f3 con un arma blanca a un masculino, as\u00ed como a dos mujeres.<\/p>\n\n\n\n<p>Seg\u00fan testigos, la ri\u00f1a se origin\u00f3 al interior de un vag\u00f3n de la L\u00ednea 9, donde un hombre de 50 a\u00f1os de edad, acos\u00f3 sexualmente a una mujer, por lo que, al percatarse de la situaci\u00f3n, otros usuarios defendieron a la mujer agredida.<\/p>\n\n\n\n<iframe loading=\"lazy\" src=\"https:\/\/www.facebook.com\/plugins\/video.php?height=476&#038;href=https%3A%2F%2Fwww.facebook.com%2Fdiarioplazajuarez%2Fvideos%2F651869689964474%2F&#038;show_text=false&#038;width=261&#038;t=0\" width=\"261\" height=\"476\" style=\"border:none;overflow:hidden\" scrolling=\"no\" frameborder=\"0\" allowfullscreen=\"true\" allow=\"autoplay; clipboard-write; encrypted-media; picture-in-picture; web-share\" allowFullScreen=\"true\"><\/iframe>\n\n\n\n<p>El presunto agresor fue detenido por elementos de seguridad de la Polic\u00eda Auxiliar y trasladado al Ministerio P\u00fablico.<\/p>\n\n\n\n<p>Las personas lesionadas fueron valoradas por param\u00e9dicos del Escuadr\u00f3n de Rescate y Urgencias M\u00e9dicas (ERUM) de la SSC. En tanto personal del Metro coordin\u00f3 el traslado del hombre herido hacia un hospital y dar\u00e1 seguimiento puntual a la atenci\u00f3n de las v\u00edctimas.<\/p>\n\n\n\n<p>El Metro exhort\u00f3 a denunciar ante el personal de seguridad asignado a los andenes cualquier tipo de agresi\u00f3n que ocurra al interior de las instalaciones.<\/p>\n","protected":false},"excerpt":{"rendered":"<p>El Metro inform\u00f3 que esta ma\u00f1ana personal de Seguridad Institucional del organismo y de la Secretar\u00eda de Seguridad Ciudadana (SSC) de la Ciudad de M\u00e9xico asignado a la estaci\u00f3n Chabacano de la L\u00ednea 9 detuvo a una persona que presuntamente hiri\u00f3 con un arma blanca a un masculino, as\u00ed como a dos mujeres. Seg\u00fan testigos, [&hellip;]<\/p>\n","protected":false},"author":81,"featured_media":235998,"comment_status":"closed","ping_status":"closed","sticky":false,"template":"","format":"standard","meta":{"footnotes":""},"categories":[37,15,36,2160],"tags":[],"class_list":["post-235996","post","type-post","status-publish","format-standard","has-post-thumbnail","hentry","category-barandilla","category-destacadas","category-nacion","category-noticias-de-la-ciudad-de-mexico"],"_links":{"self":[{"href":"https:\/\/plazajuarez.mx\/historico\/wp-json\/wp\/v2\/posts\/235996","targetHints":{"allow":["GET"]}}],"collection":[{"href":"https:\/\/plazajuarez.mx\/historico\/wp-json\/wp\/v2\/posts"}],"about":[{"href":"https:\/\/plazajuarez.mx\/historico\/wp-json\/wp\/v2\/types\/post"}],"author":[{"embeddable":true,"href":"https:\/\/plazajuarez.mx\/historico\/wp-json\/wp\/v2\/users\/81"}],"replies":[{"embeddable":true,"href":"https:\/\/plazajuarez.mx\/historico\/wp-json\/wp\/v2\/comments?post=235996"}],"version-history":[{"count":0,"href":"https:\/\/plazajuarez.mx\/historico\/wp-json\/wp\/v2\/posts\/235996\/revisions"}],"wp:featuredmedia":[{"embeddable":true,"href":"https:\/\/plazajuarez.mx\/historico\/wp-json\/wp\/v2\/media\/235998"}],"wp:attachment":[{"href":"https:\/\/plazajuarez.mx\/historico\/wp-json\/wp\/v2\/media?parent=235996"}],"wp:term":[{"taxonomy":"category","embeddable":true,"href":"https:\/\/plazajuarez.mx\/historico\/wp-json\/wp\/v2\/categories?post=235996"},{"taxonomy":"post_tag","embeddable":true,"href":"https:\/\/plazajuarez.mx\/historico\/wp-json\/wp\/v2\/tags?post=235996"}],"curies":[{"name":"wp","href":"https:\/\/api.w.org\/{rel}","templated":true}]}}