{"id":235993,"date":"2022-10-27T14:10:17","date_gmt":"2022-10-27T19:10:17","guid":{"rendered":"https:\/\/plazajuarez.mx\/?p=235993"},"modified":"2022-10-27T14:10:23","modified_gmt":"2022-10-27T19:10:23","slug":"encinas_forense","status":"publish","type":"post","link":"https:\/\/plazajuarez.mx\/historico\/encinas_forense\/","title":{"rendered":"&#8220;M\u00e9xico vive una crisis forense&#8221;: Encinas"},"content":{"rendered":"\n<p>Alejandro Encinas, subsecretario de Derechos Humanos, Poblaci\u00f3n y Migraci\u00f3n de la Secretar\u00eda de Gobernaci\u00f3n (Segob), reconoci\u00f3 que M\u00e9xico tiene una crisis forense, pues inform\u00f3 que adem\u00e1s de las desapariciones, hay un rezago de m\u00e1s de 52 mil cuerpos humanos sin identificar en las fosas comunes de panteones y servicios forenses del pa\u00eds.<\/p>\n\n\n\n<p>En conferencia de prensa, el subsecretario admiti\u00f3 que el Estado mexicano y los estados en particular, no cuentan con las capacidades para atender este rezago.<\/p>\n\n\n\n<p>&#8220;La otra problem\u00e1tica (adem\u00e1s de los desaparecidos) es la crisis forense y la falta de identificaci\u00f3n humana en donde el Estado mexicano lamentablemente y en los estados en particular no cuenta con las capacidades institucionales para atender rezado de m\u00e1s de 52 mil cuerpos que permanecen sin identificaci\u00f3n en las fosas comunes de los panteones p\u00fablicos y en los servicios forenses en el pa\u00eds&#8221;, dijo.<\/p>\n\n\n\n<p>En Palacio Nacional, Alejandro Encinas se\u00f1al\u00f3 que para avanzar en esta problem\u00e1tica, en coordinaci\u00f3n con las familias y colectivos se cre\u00f3 el Mecanismo Extraordinario de Identificaci\u00f3n Forense y se ha avanzado en crear una infraestructura que no exist\u00eda anteriormente y que hoy permite tener dos centro Regionales de Identificaci\u00f3n Humana, uno en Saltillo Coahuila y en la capital de San Luis Potos\u00ed.<\/p>\n\n\n\n<p>Detall\u00f3 que tambi\u00e9n se han creado centros de resguardo temporales de cuerpos en los estados de Jalisco, Michoac\u00e1n, Tamaulipas y Veracruz.<\/p>\n","protected":false},"excerpt":{"rendered":"<p>Alejandro Encinas, subsecretario de Derechos Humanos, Poblaci\u00f3n y Migraci\u00f3n de la Secretar\u00eda de Gobernaci\u00f3n (Segob), reconoci\u00f3 que M\u00e9xico tiene una crisis forense, pues inform\u00f3 que adem\u00e1s de las desapariciones, hay un rezago de m\u00e1s de 52 mil cuerpos humanos sin identificar en las fosas comunes de panteones y servicios forenses del pa\u00eds. En conferencia de [&hellip;]<\/p>\n","protected":false},"author":81,"featured_media":235994,"comment_status":"closed","ping_status":"closed","sticky":false,"template":"","format":"standard","meta":{"footnotes":""},"categories":[36],"tags":[],"class_list":["post-235993","post","type-post","status-publish","format-standard","has-post-thumbnail","hentry","category-nacion"],"_links":{"self":[{"href":"https:\/\/plazajuarez.mx\/historico\/wp-json\/wp\/v2\/posts\/235993","targetHints":{"allow":["GET"]}}],"collection":[{"href":"https:\/\/plazajuarez.mx\/historico\/wp-json\/wp\/v2\/posts"}],"about":[{"href":"https:\/\/plazajuarez.mx\/historico\/wp-json\/wp\/v2\/types\/post"}],"author":[{"embeddable":true,"href":"https:\/\/plazajuarez.mx\/historico\/wp-json\/wp\/v2\/users\/81"}],"replies":[{"embeddable":true,"href":"https:\/\/plazajuarez.mx\/historico\/wp-json\/wp\/v2\/comments?post=235993"}],"version-history":[{"count":0,"href":"https:\/\/plazajuarez.mx\/historico\/wp-json\/wp\/v2\/posts\/235993\/revisions"}],"wp:featuredmedia":[{"embeddable":true,"href":"https:\/\/plazajuarez.mx\/historico\/wp-json\/wp\/v2\/media\/235994"}],"wp:attachment":[{"href":"https:\/\/plazajuarez.mx\/historico\/wp-json\/wp\/v2\/media?parent=235993"}],"wp:term":[{"taxonomy":"category","embeddable":true,"href":"https:\/\/plazajuarez.mx\/historico\/wp-json\/wp\/v2\/categories?post=235993"},{"taxonomy":"post_tag","embeddable":true,"href":"https:\/\/plazajuarez.mx\/historico\/wp-json\/wp\/v2\/tags?post=235993"}],"curies":[{"name":"wp","href":"https:\/\/api.w.org\/{rel}","templated":true}]}}