{"id":23599,"date":"2016-06-24T11:55:34","date_gmt":"2016-06-24T11:55:34","guid":{"rendered":"http:\/\/plazajuarez.mx\/index\/index.php\/2016\/06\/24\/disyuntiva-privilegios-o-modernizacion\/"},"modified":"2016-06-24T11:55:34","modified_gmt":"2016-06-24T11:55:34","slug":"disyuntiva-privilegios-o-modernizacion","status":"publish","type":"post","link":"https:\/\/plazajuarez.mx\/historico\/disyuntiva-privilegios-o-modernizacion\/","title":{"rendered":"Disyuntiva: \u00bfprivilegios o modernizaci\u00f3n?"},"content":{"rendered":"<p>El legado del presidente Pe\u00f1a Nieto es esa visi\u00f3n de progreso, modernidad, democracia y apertura que el pa\u00eds necesitaba<\/p>\n<p>  <!--more-->  <\/p>\n<p>La democracia en M\u00e9xico no s\u00f3lo es elecciones con ganadores y perdedores; es que aprendamos a gobernar juntos con un proyecto de naci\u00f3n, con visi\u00f3n de Estado y un rumbo claro hacia el futuro. En M\u00e9xico ese proyecto ya comenz\u00f3, son las reformas estructurales aprobadas por todas las fuerzas pol\u00edticas. El legado del presidente Pe\u00f1a Nieto es esa visi\u00f3n de progreso, modernidad, democracia y apertura que el pa\u00eds necesitaba. <br \/>Sin importar el costo pol\u00edtico, el presidente Pe\u00f1a Nieto decidi\u00f3 ser un reformador con visi\u00f3n de Estado y no s\u00f3lo de encuestas y c\u00e1lculos electorales que, por otro lado, debemos poner en su justo peso: una de cada dos diputaciones locales las gan\u00f3 el PRI, con lo que tiene mayor\u00eda en siete de los trece congresos estatales; adem\u00e1s de cinco gubernaturas. En otras palabras, los ciudadanos no entregaron un cheque en blanco a la oposici\u00f3n, ni rechazaron al pri\u00edsmo en su conjunto; votaron por un gobierno de contrapesos. A nivel municipal, el PRI es primera fuerza pol\u00edtica con 216 de 550 municipios en contienda (40%) y a nivel federal, el PRI gobierna a 53 millones de mexicanos en quince entidades federativas. <br \/>Sin embargo, en momentos de grandes transformaciones nacionales hay grupos renuentes al cambio; aferrados a sus privilegios monop\u00f3licos o gremiales en perjuicio del inter\u00e9s p\u00fablico. Despu\u00e9s de las elecciones hemos sido testigos de diversos conflictos auspiciados por ciertos poderes f\u00e1cticos. Me gustar\u00eda hablar de tres en particular. <br \/>Frente a la propuesta del jefe de Estado de poner en sinton\u00eda a M\u00e9xico con el mundo en materias de derechos humanos; inclusi\u00f3n y equidad, recientemente hemos visto diferentes voces eclesi\u00e1sticas que, aunque lo nieguen, hacen pol\u00edtica y se empecinan, en pleno siglo XXI, en mantener pr\u00e1cticas discriminatorias y excluyentes. <br \/>En el mismo tenor, la violencia desatada esta semana en Oaxaca pone de manifiesto la peor cara del corporativismo magisterial; de sindicatos m\u00e1s preocupados por sus cuotas y prebendas que por mejorar la calidad de la educaci\u00f3n de nuestros ni\u00f1os y j\u00f3venes. Al contrario de lo que pregonan, la reforma educativa es m\u00e1s que una reforma laboral; es un cambio de paradigma que plantea un nuevo tipo de educaci\u00f3n basada en el m\u00e9rito y la evaluaci\u00f3n, que nos debe llevar a un nuevo tipo de \u00e9tica de los ciudadanos. <br \/>Asimismo, incluso una ley como la propia 3de3 impulsada por los empresarios, claro, \u201cmientras se hiciera la ley en los bueyes de mi compadre\u201d, ha presentado resistencia de la c\u00fapula empresarial; no hay que olvidar que esta ley independientemente de lo que se diga no pide m\u00e1s a privados de lo que le pide a pol\u00edticos. Vale recordar que desde hace muchos a\u00f1os todos los bur\u00f3cratas entregamos estas declaraciones en favor de un M\u00e9xico con m\u00e1s transparencia y rendici\u00f3n de cuentas. <br \/>Al inicio del sexenio las reformas se aprobaron con consenso y sin mayor resistencia, hoy, en su implementaci\u00f3n, necesitamos defenderlas de poderes f\u00e1cticos e intereses particulares. Estamos a un a\u00f1o y medio de empezar el proceso electoral para la Presidencia en 2018; las tensiones de hoy deben de analizarse bajo esta lupa. El M\u00e9xico del futuro es un pa\u00eds donde todos sus ciudadanos sean m\u00e1s \u00e9ticos, transparentes e incluyentes. <br \/>Correo: guillermo.ruizdeteresa@yahoo.com \u00a0\u00a0\u00a0 \u00a0\u00a0\u00a0 <\/p>\n","protected":false},"excerpt":{"rendered":"<p>El legado del presidente Pe\u00f1a Nieto es esa visi\u00f3n de progreso, modernidad, democracia y apertura que el pa\u00eds necesitaba<\/p>\n","protected":false},"author":93,"featured_media":0,"comment_status":"open","ping_status":"open","sticky":false,"template":"","format":"standard","meta":{"footnotes":""},"categories":[42],"tags":[],"class_list":["post-23599","post","type-post","status-publish","format-standard","hentry","category-nuestrapalabra"],"_links":{"self":[{"href":"https:\/\/plazajuarez.mx\/historico\/wp-json\/wp\/v2\/posts\/23599","targetHints":{"allow":["GET"]}}],"collection":[{"href":"https:\/\/plazajuarez.mx\/historico\/wp-json\/wp\/v2\/posts"}],"about":[{"href":"https:\/\/plazajuarez.mx\/historico\/wp-json\/wp\/v2\/types\/post"}],"author":[{"embeddable":true,"href":"https:\/\/plazajuarez.mx\/historico\/wp-json\/wp\/v2\/users\/93"}],"replies":[{"embeddable":true,"href":"https:\/\/plazajuarez.mx\/historico\/wp-json\/wp\/v2\/comments?post=23599"}],"version-history":[{"count":0,"href":"https:\/\/plazajuarez.mx\/historico\/wp-json\/wp\/v2\/posts\/23599\/revisions"}],"wp:attachment":[{"href":"https:\/\/plazajuarez.mx\/historico\/wp-json\/wp\/v2\/media?parent=23599"}],"wp:term":[{"taxonomy":"category","embeddable":true,"href":"https:\/\/plazajuarez.mx\/historico\/wp-json\/wp\/v2\/categories?post=23599"},{"taxonomy":"post_tag","embeddable":true,"href":"https:\/\/plazajuarez.mx\/historico\/wp-json\/wp\/v2\/tags?post=23599"}],"curies":[{"name":"wp","href":"https:\/\/api.w.org\/{rel}","templated":true}]}}