{"id":23598,"date":"2016-06-24T11:54:22","date_gmt":"2016-06-24T11:54:22","guid":{"rendered":"http:\/\/plazajuarez.mx\/index\/index.php\/2016\/06\/24\/red-de-accion-rapida-a-favor-de-hector-de-mauleon\/"},"modified":"2016-06-24T11:54:22","modified_gmt":"2016-06-24T11:54:22","slug":"red-de-accion-rapida-a-favor-de-hector-de-mauleon","status":"publish","type":"post","link":"https:\/\/plazajuarez.mx\/historico\/red-de-accion-rapida-a-favor-de-hector-de-mauleon\/","title":{"rendered":"Red de Acci\u00f3n R\u00e1pida a favor de H\u00e9ctor de Maule\u00f3n"},"content":{"rendered":"<p>Crimen y Castigo\u00a0\u00a0\u00a0 \u00a0<\/p>\n<p>La asociaci\u00f3n mundial y mexicana de escritores y periodista ha hecho un llamado a \u00a1actuar! Y solicitan compartir la exigencia de que se investiguen amenazas y se garantice la seguridad de De Maule\u00f3n a trav\u00e9s de Facebook, Twitter y otras redes sociales<\/p>\n<p>  <!--more-->  <\/p>\n<p>Desde ayer, PEN Internacional y PEN M\u00e9xico lanzaron en conjunto una Red de Acci\u00f3n R\u00e1pida a favor de la integridad del periodista y escritor H\u00e9ctor de Maule\u00f3n, quien ha sido amenazado por su trabajo de investigaci\u00f3n sobre el presunto tr\u00e1fico de drogas y armas por la llamada Asamblea de Barrios en la Ciudad de M\u00e9xico. <br \/>La asociaci\u00f3n mundial y mexicana de escritores y periodista ha hecho un llamado a \u00a1actuar! Y solicitan compartir la exigencia de que se investiguen amenazas y se garantice la seguridad de De Maule\u00f3n a trav\u00e9s de Facebook, Twitter y otras redes sociales. El llamado es claro: \u201cPor favor, env\u00eden peticiones instando a las autoridades local y federales a que: investiguen y sancionen a los autores de las amenazas que ha recibido el periodista mexicano H\u00e9ctor de Maule\u00f3n; garanticen la seguridad de H\u00e9ctor de Maule\u00f3n y de los periodistas mexicanos para que ejerzan su labor sin censura ni miedo; y detengan el acoso a los periodistas mexicanos por su labor informativa y de investigaci\u00f3n, y brinden la protecci\u00f3n necesaria a los comunicadores y ciudadanos mexicanos, garantizando as\u00ed el derecho a la libertad de expresi\u00f3n\u201d. <br \/>Tiran dinero p\u00fablico en el Cirque du Soleil: Francisco Toledo <br \/>Una reciente visita a una normal biling\u00fce en Tlacochahuaya cerca de Mitla, Oaxaca, dej\u00f3 al artista Francisco Toledo con muchas preguntas: \u00bfPor qu\u00e9 est\u00e1 abandonada?, por qu\u00e9 no hay servicios para los muchachos que vienen de comunidades lejanas, que no tienen habitaciones ni comedores? \u00bfPor qu\u00e9, si es biling\u00fce, la biblioteca no tiene libros y temas propios de una educaci\u00f3n biling\u00fce? \u00bfPor qu\u00e9, si tuvo Internet, no hay ahora porque no la pagan? Y en cambio, contrasta el pintor, s\u00ed hay dinero para traer al Circo del Sol; por eso vuelve a preguntar: \u201c\u00bfC\u00f3mo puede el Estado gastar tantos millones de d\u00f3lares en el Circo del Sol cuando los muchachos aqu\u00ed en la escuela mal comen, mal viven? \u00bfQu\u00e9 se puede hacer para que esta gente, que no sabe manejar el dinero p\u00fablico, no lo tire y derroche\u201d. En ning\u00fan caso ha recibido respuesta, pero ya tiene una conclusi\u00f3n para lo que pasa con los recursos p\u00fablicos: \u201cEs un desorden\u201d. <br \/>Frente de restauradores organizados <br \/>Con un muro dicen que se han topado los restauradores del patrimonio cultural, quienes desde hace unos meses se dieron a la tarea de recolectar firmas para exigir a la Secretar\u00eda de Cultura del Gobierno Federal que sean profesionales los encargados de atender los monumentos hist\u00f3ricos y art\u00edsticos del pa\u00eds para evitar m\u00e1s tropel\u00edas, como la de El Caballito. <br \/>Nos cuentan que despu\u00e9s de no tener respuesta a las constantes solicitudes de cita para entregar en manos del secretario de Cultura, Rafael Tovar y de Teresa, dicha petici\u00f3n, ahora buscan organizarse en grupo e ir directamente a la Oficial\u00eda de Partes de la Secretaria el pr\u00f3ximo 28 de junio para exigir que les reciban la carta de petici\u00f3n. Veremos si la respuesta de las autoridades llega pronto.<\/p>\n","protected":false},"excerpt":{"rendered":"<p>Crimen y Castigo\u00a0\u00a0\u00a0 \u00a0 La asociaci\u00f3n mundial y mexicana de escritores y periodista ha hecho un llamado a \u00a1actuar! Y solicitan compartir la exigencia de que se investiguen amenazas y se garantice la seguridad de De Maule\u00f3n a trav\u00e9s de Facebook, Twitter y otras redes sociales<\/p>\n","protected":false},"author":93,"featured_media":0,"comment_status":"open","ping_status":"open","sticky":false,"template":"","format":"standard","meta":{"footnotes":""},"categories":[42],"tags":[],"class_list":["post-23598","post","type-post","status-publish","format-standard","hentry","category-nuestrapalabra"],"_links":{"self":[{"href":"https:\/\/plazajuarez.mx\/historico\/wp-json\/wp\/v2\/posts\/23598","targetHints":{"allow":["GET"]}}],"collection":[{"href":"https:\/\/plazajuarez.mx\/historico\/wp-json\/wp\/v2\/posts"}],"about":[{"href":"https:\/\/plazajuarez.mx\/historico\/wp-json\/wp\/v2\/types\/post"}],"author":[{"embeddable":true,"href":"https:\/\/plazajuarez.mx\/historico\/wp-json\/wp\/v2\/users\/93"}],"replies":[{"embeddable":true,"href":"https:\/\/plazajuarez.mx\/historico\/wp-json\/wp\/v2\/comments?post=23598"}],"version-history":[{"count":0,"href":"https:\/\/plazajuarez.mx\/historico\/wp-json\/wp\/v2\/posts\/23598\/revisions"}],"wp:attachment":[{"href":"https:\/\/plazajuarez.mx\/historico\/wp-json\/wp\/v2\/media?parent=23598"}],"wp:term":[{"taxonomy":"category","embeddable":true,"href":"https:\/\/plazajuarez.mx\/historico\/wp-json\/wp\/v2\/categories?post=23598"},{"taxonomy":"post_tag","embeddable":true,"href":"https:\/\/plazajuarez.mx\/historico\/wp-json\/wp\/v2\/tags?post=23598"}],"curies":[{"name":"wp","href":"https:\/\/api.w.org\/{rel}","templated":true}]}}