{"id":23597,"date":"2016-06-24T11:54:08","date_gmt":"2016-06-24T11:54:08","guid":{"rendered":"http:\/\/plazajuarez.mx\/index\/index.php\/2016\/06\/24\/entre-razones-y-emociones\/"},"modified":"2016-06-24T11:54:08","modified_gmt":"2016-06-24T11:54:08","slug":"entre-razones-y-emociones","status":"publish","type":"post","link":"https:\/\/plazajuarez.mx\/historico\/entre-razones-y-emociones\/","title":{"rendered":"Entre razones y emociones"},"content":{"rendered":"<p>La UE seguir\u00e1 igual, la Gran Breta\u00f1a terminar\u00e1 su juego, y el manejo de los miedos y la incertidumbre volver\u00e1n a su cauce usual<\/p>\n<p>  <!--more-->  <\/p>\n<p>En 1957 seis naciones formaron la Comunidad Econ\u00f3mica Europea que en 1993, con 12 miembros, se convirti\u00f3 en Uni\u00f3n Europea (UE). Actualmente la integran 28 pa\u00edses. M\u00e1s all\u00e1 del resultado del refer\u00e9ndum \u2014que confiamos ser\u00e1 desfavorable para los separatistas\u2014, la posibilidad de la salida de Gran Breta\u00f1a deja en claro que incluso la alianza m\u00e1s fuerte se puede romper. <br \/>\u00bfCu\u00e1les son los incentivos que podr\u00edan llevar a un punto de quiebre entre los miembros de la alianza m\u00e1s poderosa del \u00faltimo siglo? \u00bfEs la situaci\u00f3n econ\u00f3mica y la oleada migratoria que algunos piensan que pueden enfrentar mejor solos que en grupo? \u00bfO es que esta alianza tiene una fecha de caducidad que est\u00e1 llegando a su fin? La respuesta a esta pregunta es fundamental para entender el futuro. <br \/>En la historia encontramos muchos ejemplos de pueblos que toman decisiones que en su momento aparecen como la mejor opci\u00f3n y que llevan al desastre m\u00e1s absoluto. Desde los cruzados europeos en el siglo XII que pensaron que la superioridad moral del cristianismo les asegurar\u00eda la victoria sobre los sarracenos, hasta el sue\u00f1o de conquista mundial de Alemania que gener\u00f3 la m\u00e1s cruenta guerra de la historia. <br \/>Los gobernantes son los l\u00edderes, pero sin el apoyo popular sus planes no llegan lejos. Sin soldados no hay guerras, sin contribuyentes no hay Estado y sin votantes no hay democracia. \u00bfC\u00f3mo toman los ciudadanos sus decisiones? \u00bfA partir de razones o de sus emociones? <br \/>Dominique Mo\u00efsi, polit\u00f3logo franc\u00e9s, considera las emociones de los pueblos como el factor decisivo de la historia. El conflicto entre \u00e1rabes e israel\u00edes est\u00e1 fundado en emociones. Lo mismo que el conflicto entre chi\u00edtas y sunitas o entre musulmanes y occidentales. Las emociones prevalecen sobre las buenas razones, dice este te\u00f3rico. Seg\u00fan el historiador Philip Hitti, el discurso del papa Urbano II (1095) para llamar a la Primera Cruzada ha sido el mejor discurso pol\u00edtico de la historia, pues logr\u00f3 convencer a todos de que el futuro estaba en pelar con los infieles y no entre cat\u00f3licos. \u00c9l logr\u00f3 su objetivo, pero el resultado final fue desastroso. <br \/>Sorprende la aparici\u00f3n de un candidato aspirante a la presidencia de Estados Unidos con un discurso aislacionista, proteccionista, antimexicano y con fuerte prejuicios raciales. Pero lo que m\u00e1s sorprende es el n\u00famero de sus seguidores. Dicen los que saben que su gran \u00e9xito radica en dar cauce a los sentimientos de miedo e inseguridad frente a hechos y personas se\u00f1alados como amenazas: quienes profesan una religi\u00f3n diferente, quienes llegan a incorporarse al mercado laboral o quienes comparten ideas o preferencias distintas a las corrientes dominantes. <br \/>Los brit\u00e1nicos tienen fama de flem\u00e1ticos, tranquilos y calculadores. Sin embargo, todo indica que en tiempos de crisis e incertidumbre, los miedos se acrecientan y tendemos a arroparnos en lo que conocemos, pensando que as\u00ed alejaremos a los demonios, cuando los demonios son m\u00e1s parecidos a nosotros de lo que estamos dispuestos a reconocer. <br \/>La UE est\u00e1 integrada por 28 pa\u00edses cuya historia, identidad y cultura distan de ser homog\u00e9neas. Sin embargo, en t\u00e9rminos de calidad de vida, educaci\u00f3n y salud han alcanzado niveles sin precedente. Los beneficios de la asociaci\u00f3n han sido incuestionables para la mayor\u00eda. Compartir las vacas cuando engordan y salir corriendo cuando enflacan, no parece ser la mejor opci\u00f3n. <br \/>O quiz\u00e1s los brit\u00e1nicos son efectivamente m\u00e1s flem\u00e1ticos de lo que pens\u00e1bamos y esto no es m\u00e1s que parte de un juego para mejorar su posici\u00f3n negociadora. La pr\u00f3xima semana la Uni\u00f3n Europea seguir\u00e1 igual, la Gran Breta\u00f1a terminar\u00e1 su juego y el manejo de los miedos y la incertidumbre volver\u00e1n a su cauce normal. <br \/>Correo: lherrera@coppan.com \u00a0\u00a0\u00a0 \u00a0\u00a0\u00a0 <\/p>\n","protected":false},"excerpt":{"rendered":"<p>La UE seguir\u00e1 igual, la Gran Breta\u00f1a terminar\u00e1 su juego, y el manejo de los miedos y la incertidumbre volver\u00e1n a su cauce usual<\/p>\n","protected":false},"author":93,"featured_media":0,"comment_status":"open","ping_status":"open","sticky":false,"template":"","format":"standard","meta":{"footnotes":""},"categories":[42],"tags":[],"class_list":["post-23597","post","type-post","status-publish","format-standard","hentry","category-nuestrapalabra"],"_links":{"self":[{"href":"https:\/\/plazajuarez.mx\/historico\/wp-json\/wp\/v2\/posts\/23597","targetHints":{"allow":["GET"]}}],"collection":[{"href":"https:\/\/plazajuarez.mx\/historico\/wp-json\/wp\/v2\/posts"}],"about":[{"href":"https:\/\/plazajuarez.mx\/historico\/wp-json\/wp\/v2\/types\/post"}],"author":[{"embeddable":true,"href":"https:\/\/plazajuarez.mx\/historico\/wp-json\/wp\/v2\/users\/93"}],"replies":[{"embeddable":true,"href":"https:\/\/plazajuarez.mx\/historico\/wp-json\/wp\/v2\/comments?post=23597"}],"version-history":[{"count":0,"href":"https:\/\/plazajuarez.mx\/historico\/wp-json\/wp\/v2\/posts\/23597\/revisions"}],"wp:attachment":[{"href":"https:\/\/plazajuarez.mx\/historico\/wp-json\/wp\/v2\/media?parent=23597"}],"wp:term":[{"taxonomy":"category","embeddable":true,"href":"https:\/\/plazajuarez.mx\/historico\/wp-json\/wp\/v2\/categories?post=23597"},{"taxonomy":"post_tag","embeddable":true,"href":"https:\/\/plazajuarez.mx\/historico\/wp-json\/wp\/v2\/tags?post=23597"}],"curies":[{"name":"wp","href":"https:\/\/api.w.org\/{rel}","templated":true}]}}