{"id":23592,"date":"2016-06-24T11:50:54","date_gmt":"2016-06-24T11:50:54","guid":{"rendered":"http:\/\/plazajuarez.mx\/index\/index.php\/2016\/06\/24\/futbol-nacional-486\/"},"modified":"2016-06-24T11:50:54","modified_gmt":"2016-06-24T11:50:54","slug":"futbol-nacional-486","status":"publish","type":"post","link":"https:\/\/plazajuarez.mx\/historico\/futbol-nacional-486\/","title":{"rendered":"Futbol Nacional"},"content":{"rendered":"<p>Los refuerzos se adaptan r\u00e1pido <br \/>-Francisco Rivera, excanterano del Am\u00e9rica, buscar\u00e1 tener mayor protagonismo con Veracruz<\/p>\n<p>  <!--more-->  <\/p>\n<p>El refuerzo de los Tiburones Rojos de Veracruz, Marco Vidal, asegur\u00f3 que con la regla 10\/8 no fue tan f\u00e1cil para \u00e9l encontrar un equipo y por eso se dijo agradecido por la oportunidad que recibe en el equipo Escualo.<br \/>\u201cEs m\u00e1s complicado, con esta regla hubo muchos cambios, gracias a Dios se da la oportunidad r\u00e1pido\u201d, se\u00f1al\u00f3, al mismo tiempo que acept\u00f3 que su adaptaci\u00f3n ha sido f\u00e1cil ya que conoce al cuerpo t\u00e9cnico de los Tiburones Rojos.<br \/>\u201cConocemos al cuerpo t\u00e9cnico, es un proyecto muy serio, que a excepci\u00f3n del torneo pasado est\u00e1n peleando ah\u00ed, yo con el cuerpo t\u00e9cnico he tenido otras etapas y ahora se presenta otra oportunidad y estoy muy ilusionado\u201d.<br \/>El juvenil surgido en la cantera del Am\u00e9rica, Francisco Rivera, buscar\u00e1 tener mayor protagonismo ahora con Veracruz, asegurando que entre sus planes est\u00e1n consolidarse y regresar como tal al equipo con el que debut\u00f3 como profesional.<br \/>\u201cSabemos que es una muy buena oportunidad para m\u00ed, es un gran reto para poder demostrar lo que no pude en mi equipo anterior. Uno siempre trata de trascender y ese es mi caso, voy a dar todo para alg\u00fan d\u00eda regresas\u201d, finaliz\u00f3.<br \/>**************************************************************************<br \/>#CONF\u00cdA EN EL PLANTEL QUE TIENE<br \/>Atlas puede pelearle a cualquiera: Profe Cruz<br \/>En Atlas no se sienten menos y no les espanta que otros clubes hayan invertido en su plantel buscando alcanzar un t\u00edtulo, as\u00ed lo asegur\u00f3 su DT, Jos\u00e9 Guadalupe Cruz.<br \/>&#8220;En la teor\u00eda, as\u00ed como est\u00e1n dise\u00f1ados los planteles, parece que las posibilidades se reducen para Atlas, porque sus n\u00f3minas son m\u00e1s importantes, yo pienso que el f\u00fatbol es universal, no necesariamente garantiza poner mucho dinero en campeonatos y t\u00edtulos, da m\u00e1s posibilidades, eso es claro, pero el que no tengas nombres tan importantes no se limita a no tener opciones&#8221;, dijo el t\u00e9cnico de los Zorros.<br \/>Para el estratega de los Rojinegros el trabajo ser\u00e1 fundamental para hacer un buen torneo y tener cuidado en lo que se habla.<br \/>&#8220;Tenemos que ser cautos al declarar y ser contundentes al trabajar, otros equipos basan su \u00e9xito en el trabajo colectivo y ver que es posible alcanzar en objetivos, que se puede vencer a equipos con mayor poder financiero. Nosotros tenemos que ir paso a paso, alcanzando objetivos inmediatos, luego apuntar a lo alto&#8221;, sentenci\u00f3.<\/p>\n","protected":false},"excerpt":{"rendered":"<p>Los refuerzos se adaptan r\u00e1pido -Francisco Rivera, excanterano del Am\u00e9rica, buscar\u00e1 tener mayor protagonismo con Veracruz<\/p>\n","protected":false},"author":93,"featured_media":0,"comment_status":"open","ping_status":"open","sticky":false,"template":"","format":"standard","meta":{"footnotes":""},"categories":[39],"tags":[],"class_list":["post-23592","post","type-post","status-publish","format-standard","hentry","category-deportiva"],"_links":{"self":[{"href":"https:\/\/plazajuarez.mx\/historico\/wp-json\/wp\/v2\/posts\/23592","targetHints":{"allow":["GET"]}}],"collection":[{"href":"https:\/\/plazajuarez.mx\/historico\/wp-json\/wp\/v2\/posts"}],"about":[{"href":"https:\/\/plazajuarez.mx\/historico\/wp-json\/wp\/v2\/types\/post"}],"author":[{"embeddable":true,"href":"https:\/\/plazajuarez.mx\/historico\/wp-json\/wp\/v2\/users\/93"}],"replies":[{"embeddable":true,"href":"https:\/\/plazajuarez.mx\/historico\/wp-json\/wp\/v2\/comments?post=23592"}],"version-history":[{"count":0,"href":"https:\/\/plazajuarez.mx\/historico\/wp-json\/wp\/v2\/posts\/23592\/revisions"}],"wp:attachment":[{"href":"https:\/\/plazajuarez.mx\/historico\/wp-json\/wp\/v2\/media?parent=23592"}],"wp:term":[{"taxonomy":"category","embeddable":true,"href":"https:\/\/plazajuarez.mx\/historico\/wp-json\/wp\/v2\/categories?post=23592"},{"taxonomy":"post_tag","embeddable":true,"href":"https:\/\/plazajuarez.mx\/historico\/wp-json\/wp\/v2\/tags?post=23592"}],"curies":[{"name":"wp","href":"https:\/\/api.w.org\/{rel}","templated":true}]}}