{"id":23591,"date":"2016-06-24T11:50:36","date_gmt":"2016-06-24T11:50:36","guid":{"rendered":"http:\/\/plazajuarez.mx\/index\/index.php\/2016\/06\/24\/futbol-nacional-485\/"},"modified":"2016-06-24T11:50:36","modified_gmt":"2016-06-24T11:50:36","slug":"futbol-nacional-485","status":"publish","type":"post","link":"https:\/\/plazajuarez.mx\/historico\/futbol-nacional-485\/","title":{"rendered":"Futbol Nacional"},"content":{"rendered":"<p>#CARLOS ROSEL <br \/>Comprometido en su regreso al Am\u00e9rica<br \/>-El jugador est\u00e1 consciente de la responsabilidad que implica formar parte de un equipo grande<\/p>\n<p>  <!--more-->  <\/p>\n<p>Trabajo de fuerza para las \u00c1guilas del Am\u00e9rica. Entrenan por separado Rubens Sambueza, a causa de un golpe en la pr\u00e1ctica del mi\u00e9rcoles y el reci\u00e9n llegado Bruno Valdez.<br \/>Los tres refuerzos extranjeros tienen ya su visa de trabajo, con lo cual todo el plantel est\u00e1 registrado ante la Liga.<br \/>Con caras nuevas de j\u00f3venes para el siguiente semestre: Diego Pineda, canterano y campe\u00f3n de goleo en la categor\u00eda sub 20 del torneo anterior, Manuel P\u00e9rez, quien llega de Pachuca al primer equipo y Carlos Rosel, elemento surgido del nido, prestado al Atlante y cuyo regreso fue pedido por Nacho Ambriz.<br \/>&#8220;Lo tomo con mucha responsabilidad porque vengo a un equipo grande, muy grande como es Am\u00e9rica. Se me da otra vez volver en una etapa con mayor madurez y si el profe me pidi\u00f3 es porque ve cualidades en m\u00ed y quiero aprovecharlas en este torneo que es tan importante para el club. Aprend\u00ed demasiadas cosas estando lejos&#8221;.<br \/>Se informa que Michael Arroyo, Paul Aguilar y Oribe Peralta no realizar\u00e1n la gira por Estados Unidos,\u00a0 reportar\u00e1n la pr\u00f3xima semana y se quedar\u00e1n en M\u00e9xico haciendo trabajo f\u00edsico.<br \/>**************************************************************************<br \/>Almeyda busca sembrar un sentido de pertenencia a jugadores de Chivas<br \/>Mat\u00edas Almeyda, t\u00e9cnico de Chivas, describi\u00f3 sus nuevas funciones dentro del club, donde pretende trabajar m\u00e1s con las fuerzas b\u00e1sicas y el sentido de pertenencia de los jugadores, que sientan la playera del equipo donde juegan y as\u00ed poder tener elementos nacidos en casa.<br \/>&#8220;S\u00ed voy a transmitir otro tipo de idea teniendo en cuenta que nac\u00ed en una instituci\u00f3n como River donde desde los ocho a\u00f1os se jugaba con el mismo sistema de la primera, involucrarse m\u00e1s en lo que es nutrici\u00f3n, el cuidado personal, involucrar a sus familias y estar m\u00e1s cerca de ellos porque necesitamos que los jugadores de Chivas tengan el sentido de pertenencia que yo creo que deben de tener&#8221;.<br \/>Y agreg\u00f3: &#8220;He visto que muchos partidos de fuerzas b\u00e1sicas se ganan por seis o siete goles y los jugadores no gritan los goles, me molesta much\u00edsimo, entonces son m\u00ednimos detalles que se llaman sentido de pertenencia, tiene que empezar a amar de verdad esta camiseta y para eso el club tiene un mont\u00f3n de herramientas que te da y bueno trataremos de aprovecharlo para sacar jugadores de verdad&#8221;.<br \/>Almeyda dio a conocer que Israel Castro tiene opci\u00f3n de jugar en Estados Unidos, y por ello no acept\u00f3 el pertenecer al cuerpo t\u00e9cnico de Chivas.<br \/>El equipo viaja a Estados Unidos para enfrentar a Atlas el s\u00e1bado.<br \/>**************************************************************************<br \/>#TIGRES <br \/>CONFIRMA LA VENTA DE RAFAEL S\u00d3BIS AL CRUZEIRO DE BRASIL<br \/>Tigres de la UANL confirm\u00f3 el jueves la baja del delantero Rafael S\u00f3bis para el Torneo Apertura 2016. <br \/>El atacante brasile\u00f1o regresar\u00e1 a su pa\u00eds para jugar con el Cruzeiro, en transacci\u00f3n definitiva. <br \/>\u201cEstoy emocionado y al mismo tiempo ilusionado con una nueva etapa de mi vida, pero antes quiero agradecer a la afici\u00f3n por todo lo que hicieron por m\u00ed, por c\u00f3mo me recibieron en la ciudad&#8221;, coment\u00f3 S\u00f3bis en palabras dedicadas a la afici\u00f3n felina por medio de sus redes sociales. <br \/>&#8220;Los llevo en el coraz\u00f3n, aqu\u00ed tienen un Tigre m\u00e1s y espero verlos pronto, gracias por todo\u201d, agreg\u00f3. <br \/>Rafael S\u00f3bis conquist\u00f3 con los universitarios el t\u00edtulo del Torneo Apertura 2015. <\/p>\n","protected":false},"excerpt":{"rendered":"<p>#CARLOS ROSEL Comprometido en su regreso al Am\u00e9rica-El jugador est\u00e1 consciente de la responsabilidad que implica formar parte de un equipo grande<\/p>\n","protected":false},"author":93,"featured_media":0,"comment_status":"open","ping_status":"open","sticky":false,"template":"","format":"standard","meta":{"footnotes":""},"categories":[39],"tags":[],"class_list":["post-23591","post","type-post","status-publish","format-standard","hentry","category-deportiva"],"_links":{"self":[{"href":"https:\/\/plazajuarez.mx\/historico\/wp-json\/wp\/v2\/posts\/23591","targetHints":{"allow":["GET"]}}],"collection":[{"href":"https:\/\/plazajuarez.mx\/historico\/wp-json\/wp\/v2\/posts"}],"about":[{"href":"https:\/\/plazajuarez.mx\/historico\/wp-json\/wp\/v2\/types\/post"}],"author":[{"embeddable":true,"href":"https:\/\/plazajuarez.mx\/historico\/wp-json\/wp\/v2\/users\/93"}],"replies":[{"embeddable":true,"href":"https:\/\/plazajuarez.mx\/historico\/wp-json\/wp\/v2\/comments?post=23591"}],"version-history":[{"count":0,"href":"https:\/\/plazajuarez.mx\/historico\/wp-json\/wp\/v2\/posts\/23591\/revisions"}],"wp:attachment":[{"href":"https:\/\/plazajuarez.mx\/historico\/wp-json\/wp\/v2\/media?parent=23591"}],"wp:term":[{"taxonomy":"category","embeddable":true,"href":"https:\/\/plazajuarez.mx\/historico\/wp-json\/wp\/v2\/categories?post=23591"},{"taxonomy":"post_tag","embeddable":true,"href":"https:\/\/plazajuarez.mx\/historico\/wp-json\/wp\/v2\/tags?post=23591"}],"curies":[{"name":"wp","href":"https:\/\/api.w.org\/{rel}","templated":true}]}}