{"id":23589,"date":"2016-06-24T11:50:08","date_gmt":"2016-06-24T11:50:08","guid":{"rendered":"http:\/\/plazajuarez.mx\/index\/index.php\/2016\/06\/24\/advierte-el-talento-de-la-defensa-norirlandesa\/"},"modified":"2016-06-24T11:50:08","modified_gmt":"2016-06-24T11:50:08","slug":"advierte-el-talento-de-la-defensa-norirlandesa","status":"publish","type":"post","link":"https:\/\/plazajuarez.mx\/historico\/advierte-el-talento-de-la-defensa-norirlandesa\/","title":{"rendered":"ADVIERTE EL TALENTO DE LA DEFENSA NORIRLANDESA"},"content":{"rendered":"<p>#KYLE LAFFERTY <br \/>&#8211; Advierte que su equipo tiene una s\u00f3lida defensa a la que \u201cno se ha dado el cr\u00e9dito\u201d que merece y puede ponerle un alto.<\/p>\n<p>  <!--more-->  <\/p>\n<p>Gales es el claro favorito para llevarse el encuentro de octavos de final de la Eurocopa entre las escuadras brit\u00e1nicas que se disputar\u00e1 el pr\u00f3ximo s\u00e1bado luego de avanzar como primera de su grupo liderados por el atacante del Real Madrid, m\u00e1ximo goleador del torneo con tres tantos, uno por partido. Pero ante el potencial en ataque del rival, el delantero Kyle Lafferty advierte que su equipo tiene una s\u00f3lida defensa a la que \u201cno se ha dado el cr\u00e9dito\u201d que merece y puede ponerle un alto.<br \/>Lafferty record\u00f3 que en marzo pasado Irlanda del Norte le sac\u00f3 un empate 1-1 a Gales y que gracias a ello \u201csabemos todo lo que hay que saber sobre sus jugadores\u201d, si bien fue un partido en que los rivales acusaron la ausencia de su goleador estrella.<br \/>\u201cGareth Bale es un destacado jugador, nadie llega al Real Madrid siendo un jugador promedio. Pero honestamente creo que tenemos una de las mejores defensas del torneo. Creo que no se nos ha dado suficiente cr\u00e9dito por lo que hemos hecho\u201d, dijo Kyle Lafferty en rueda de prensa celebrada este jueves.<br \/>\u201cVamos a afrontar el partido del mismo modo que lo hicimos ante Ucrania, Polonia y Alemania. Vamos a necesitar un poquito de suerte, pero a veces hasta los m\u00e1s fuertes necesitan suerte. Si la tenemos de nuestro lado, podemos molestar a unos cuantos equipos\u201d, agreg\u00f3.<br \/>Y es que el delantero ve a su equipo capacitado para llegar \u201chasta el final\u201d, si no es por calidad, ser\u00e1 por jugar con \u201ccoraz\u00f3n y determinaci\u00f3n\u201d, como lo han hecho para alcanzar los octavos de final.<br \/>\u201cVa a ser un juego muy duro; ellos tienen jugadores de clase mundial, pero con coraz\u00f3n y determinaci\u00f3n, honestamente creemos que podemos vencer a cualquiera. Pienso que podemos ir hasta el final con este plantel, con la manera en que todos en el equipo luchan por los compa\u00f1eros y dando todo en los partidos\u201d, dijo.<br \/>PARA DISE\u00d1O: ESTA NOTA NO LLEVA DATOS, MIL GRACIAS <br \/>NOTA 2<br \/>#COPA AM\u00c9RICA 2016 <br \/>Maradona a la Selecci\u00f3n de Argentina: &#8220;Si no ganan, no vuelvan&#8221;<br \/>&#8211; El ex10 fue convocado para evocar dos de sus goles m\u00e1s emblem\u00e1ticos, al cumplirse este mi\u00e9rcoles 30 a\u00f1os de \u201cLa mano de Dios\u201d y del \u201cgol del siglo\u201d<br \/>Para Diego Armando Maradona, la selecci\u00f3n albiceleste ganar\u00e1 la Copa Am\u00e9rica Centenario 2016 el pr\u00f3ximo domingo, pero advirti\u00f3 a los jugadores que no regresen al pa\u00eds si no logran el t\u00edtulo.<br \/>\u201cClaro que ganamos el domingo&#8230; Y si no ganamos, que no vuelvan\u201d, sentenci\u00f3 el campe\u00f3n del Mundo en M\u00e9xico 86&#8242; con su habitual estilo incisivo como cierre de una larga entrevista en el canal C5N.<br \/>El ex10 fue convocado para evocar dos de sus goles m\u00e1s emblem\u00e1ticos, al cumplirse este mi\u00e9rcoles 30 a\u00f1os de \u201cLa mano de Dios\u201d y del \u201cgol del siglo\u201d que anot\u00f3 en el 2-1 ante Inglaterra en los cuartos de final del Mundial de M\u00e9xico-1986, en el que Argentina conquist\u00f3 su segundo campeonato mundial.<br \/>El tambi\u00e9n exentrenador de la selecci\u00f3n en el Mundial de Sud\u00e1frica 2010 dio por descontado que el equipo capitaneado por el astro Lionel Messi podr\u00e1 alzar la copa en la final del torneo continental, cuando enfrente a Chile, selecci\u00f3n que elimin\u00f3 a Colombia en las semifinales.<br \/>\u201cEstoy esperando el resultado de la selecci\u00f3n. Estando uno lejos, la camiseta est\u00e1 tatuada\u201d, dijo.<br \/>Entonada tras dejar en el camino el martes a Estados Unidos con un contundente 4-0 en la semifinal, la selecci\u00f3n de Gerardo Martino con todas sus estrellas es la favorita para alzar la copa.<\/p>\n<p><\/p>\n","protected":false},"excerpt":{"rendered":"<p>#KYLE LAFFERTY &#8211; Advierte que su equipo tiene una s\u00f3lida defensa a la que \u201cno se ha dado el cr\u00e9dito\u201d que merece y puede ponerle un alto.<\/p>\n","protected":false},"author":93,"featured_media":0,"comment_status":"open","ping_status":"open","sticky":false,"template":"","format":"standard","meta":{"footnotes":""},"categories":[39],"tags":[],"class_list":["post-23589","post","type-post","status-publish","format-standard","hentry","category-deportiva"],"_links":{"self":[{"href":"https:\/\/plazajuarez.mx\/historico\/wp-json\/wp\/v2\/posts\/23589","targetHints":{"allow":["GET"]}}],"collection":[{"href":"https:\/\/plazajuarez.mx\/historico\/wp-json\/wp\/v2\/posts"}],"about":[{"href":"https:\/\/plazajuarez.mx\/historico\/wp-json\/wp\/v2\/types\/post"}],"author":[{"embeddable":true,"href":"https:\/\/plazajuarez.mx\/historico\/wp-json\/wp\/v2\/users\/93"}],"replies":[{"embeddable":true,"href":"https:\/\/plazajuarez.mx\/historico\/wp-json\/wp\/v2\/comments?post=23589"}],"version-history":[{"count":0,"href":"https:\/\/plazajuarez.mx\/historico\/wp-json\/wp\/v2\/posts\/23589\/revisions"}],"wp:attachment":[{"href":"https:\/\/plazajuarez.mx\/historico\/wp-json\/wp\/v2\/media?parent=23589"}],"wp:term":[{"taxonomy":"category","embeddable":true,"href":"https:\/\/plazajuarez.mx\/historico\/wp-json\/wp\/v2\/categories?post=23589"},{"taxonomy":"post_tag","embeddable":true,"href":"https:\/\/plazajuarez.mx\/historico\/wp-json\/wp\/v2\/tags?post=23589"}],"curies":[{"name":"wp","href":"https:\/\/api.w.org\/{rel}","templated":true}]}}