{"id":23588,"date":"2016-06-24T11:48:19","date_gmt":"2016-06-24T11:48:19","guid":{"rendered":"http:\/\/plazajuarez.mx\/index\/index.php\/2016\/06\/24\/chachita-sale-de-terapia-intensiva\/"},"modified":"2016-06-24T11:48:19","modified_gmt":"2016-06-24T11:48:19","slug":"chachita-sale-de-terapia-intensiva","status":"publish","type":"post","link":"https:\/\/plazajuarez.mx\/historico\/chachita-sale-de-terapia-intensiva\/","title":{"rendered":"&#8216;Chachita&#8217; sale de terapia intensiva"},"content":{"rendered":"<p>Su esposo informa del estado de salud de la actriz<\/p>\n<p>  <!--more-->  <\/p>\n<p>La actriz Evita Mu\u00f1oz \u201cChachita\u201d sali\u00f3 de terapia intensiva, seg\u00fan inform\u00f3 su esposo, el tambi\u00e9n actor Hugo Mac\u00edas Macotela.<br \/>A trav\u00e9s de un mensaje en Facebook, el esposo de la actriz inform\u00f3 del estado de salud de \u201cChachita\u201d.<br \/>\u201cQueridos amigos FaceBookeros, quiero informarles que el Se\u00f1or, ya me mand\u00f3 mi Regalo del D\u00eda del Padre, \u00a1y est\u00e1 muy padre! Mi Chachita sali\u00f3 de Terapia Intensiva, y ya la tenemos en una habitaci\u00f3n. Gracias a todos por sus Oraciones y su Cari\u00f1o, que no hay forma suficiente de agradec\u00e9rselo. \u00a1Dios los Bendiga!\u201d, escribi\u00f3 el mi\u00e9rcoles.<br \/>Cabe recordar que el pasado 13 de junio, Mac\u00edas dio a conocer que Evita, de 80 a\u00f1os, hab\u00eda sido hospitalizada de emergencia, luego de que se percat\u00f3 que su esposa no respiraba con normalidad.<br \/>Aunque su condici\u00f3n era preocupante para la familia de \u2018Chachita\u2019, Hugo no se separ\u00f3 ni un minuto de ella.<\/p>\n","protected":false},"excerpt":{"rendered":"<p>Su esposo informa del estado de salud de la actriz<\/p>\n","protected":false},"author":93,"featured_media":0,"comment_status":"open","ping_status":"open","sticky":false,"template":"","format":"standard","meta":{"footnotes":""},"categories":[38],"tags":[],"class_list":["post-23588","post","type-post","status-publish","format-standard","hentry","category-show"],"_links":{"self":[{"href":"https:\/\/plazajuarez.mx\/historico\/wp-json\/wp\/v2\/posts\/23588","targetHints":{"allow":["GET"]}}],"collection":[{"href":"https:\/\/plazajuarez.mx\/historico\/wp-json\/wp\/v2\/posts"}],"about":[{"href":"https:\/\/plazajuarez.mx\/historico\/wp-json\/wp\/v2\/types\/post"}],"author":[{"embeddable":true,"href":"https:\/\/plazajuarez.mx\/historico\/wp-json\/wp\/v2\/users\/93"}],"replies":[{"embeddable":true,"href":"https:\/\/plazajuarez.mx\/historico\/wp-json\/wp\/v2\/comments?post=23588"}],"version-history":[{"count":0,"href":"https:\/\/plazajuarez.mx\/historico\/wp-json\/wp\/v2\/posts\/23588\/revisions"}],"wp:attachment":[{"href":"https:\/\/plazajuarez.mx\/historico\/wp-json\/wp\/v2\/media?parent=23588"}],"wp:term":[{"taxonomy":"category","embeddable":true,"href":"https:\/\/plazajuarez.mx\/historico\/wp-json\/wp\/v2\/categories?post=23588"},{"taxonomy":"post_tag","embeddable":true,"href":"https:\/\/plazajuarez.mx\/historico\/wp-json\/wp\/v2\/tags?post=23588"}],"curies":[{"name":"wp","href":"https:\/\/api.w.org\/{rel}","templated":true}]}}