{"id":23583,"date":"2016-06-24T11:46:37","date_gmt":"2016-06-24T11:46:37","guid":{"rendered":"http:\/\/plazajuarez.mx\/index\/index.php\/2016\/06\/24\/george-r-martin-celoso-de-stephen-king\/"},"modified":"2016-06-24T11:46:37","modified_gmt":"2016-06-24T11:46:37","slug":"george-r-martin-celoso-de-stephen-king","status":"publish","type":"post","link":"https:\/\/plazajuarez.mx\/historico\/george-r-martin-celoso-de-stephen-king\/","title":{"rendered":"George R. Martin, celoso de Stephen King"},"content":{"rendered":"<p>El escritor conocido por la saga literaria Canci\u00f3n de fuego y hielo, est\u00e1 celoso de lo r\u00e1pido que escribe el autor de El resplandor<\/p>\n<p>  <!--more-->  <\/p>\n<p>Hace unos d\u00edas, ocurri\u00f3 un evento \u00e9pico en Albuquerque, Nuevo M\u00e9xico. George R.R. Martin, escritor de la saga literaria Canci\u00f3n de hielo y fuego entrevist\u00f3 al tambi\u00e9n escritor Stephen King. Durante la gira para promocionar End of Watch, su m\u00e1s reciente novela que concluye la trilog\u00eda Bill Hodges, King se sent\u00f3 a platicar con Martin en lo que result\u00f3 en un intercambio literario sin precedentes.<br \/>A pesar de que todav\u00eda no ha salido a la luz ning\u00fan video del evento (tan s\u00f3lo unas cuantas fotograf\u00edas), los afortunados fans que presenciaron el evento han rendido testimonio de lo que sucedi\u00f3 y destacan la \u00faltima pregunta que George le hizo a Stephen: &#8220;\u00bfC\u00f3mo escribes tan r\u00e1pido? Si yo tengo seis meses logr\u00f3 sacar tres cap\u00edtulos, en cambio \u00a1t\u00fa escribiste tres libros en ese tiempo! El autor de best-sellers como El resplandor y Eso respondi\u00f3 que \u00e9l escrib\u00eda casi todos los d\u00edas y que se exig\u00eda a s\u00ed mismo m\u00ednimo seis p\u00e1ginas al d\u00eda.<br \/>Sorprendido por la respuesta de Stephen, George coment\u00f3: &#8220;\u00bfSiempre sacas seis p\u00e1gina? \u00bfNunca te bloqueas? \u00bfNunca te paras de tu asiento, vas a recoger el correo y te preguntas &#8216;tal vez no tengo ning\u00fan talento y deber\u00eda de haber sido plomero&#8217;?&#8221;<br \/>King vive en una constante presi\u00f3n por los millones de fans hambrientos por saber qu\u00e9 es lo que suceder\u00e1 despu\u00e9s del quinto libro de la saga, Danza de dragones. Los lectores han esperado m\u00e1s de cinco a\u00f1os por el sexto volumen, Vientos de invierno, y tan larga ha sido la espera, que incluso la exitosa serie Game of Thrones de HBO basada en los libros tuvo ya que adelantarse y seguir con la trama \u2013con la bendici\u00f3n de George, claro-.<br \/>Todav\u00eda no se sabe con certeza si Vientos de invierno ser\u00e1 por fin publicado antes de que acabe el a\u00f1o, pero no es descabellado pensar que veamos el gran final de la historia en la pantalla chica y no en las p\u00e1ginas de un libro.<br \/>El creador de Game of Thrones entrevistaba a King sobre su nueva novela \u201cEnd of watch\u201d \u2014que concluye la historia del asesino serial Brady Hartsfield\u2014 cuando el tema de la restricci\u00f3n de armas y la matanza en el bar Pulse en Orlando sali\u00f3 a cuenta.<br \/>El legendario escritor despu\u00e9s habl\u00f3 del caso espec\u00edfico de Omar Mateen, el tirador de Orlando, al que consider\u00f3 una persona llena de ira que ya ten\u00eda un historial de agresiones antes de declararse leal seguidor de ISIS.<br \/>En la opini\u00f3n de Martin, si el hombre que asesin\u00f3 a 49 personas en el tiroteo de Orlando hubiera estado armado s\u00f3lo con un cuchillo, no hubiera podido agredir a m\u00e1s de cuatro personas antes de ser detenido por los dem\u00e1s asistentes del bar.<\/p>\n<p><\/p>\n","protected":false},"excerpt":{"rendered":"<p>El escritor conocido por la saga literaria Canci\u00f3n de fuego y hielo, est\u00e1 celoso de lo r\u00e1pido que escribe el autor de El resplandor<\/p>\n","protected":false},"author":93,"featured_media":0,"comment_status":"open","ping_status":"open","sticky":false,"template":"","format":"standard","meta":{"footnotes":""},"categories":[41],"tags":[],"class_list":["post-23583","post","type-post","status-publish","format-standard","hentry","category-arteria-cultural"],"_links":{"self":[{"href":"https:\/\/plazajuarez.mx\/historico\/wp-json\/wp\/v2\/posts\/23583","targetHints":{"allow":["GET"]}}],"collection":[{"href":"https:\/\/plazajuarez.mx\/historico\/wp-json\/wp\/v2\/posts"}],"about":[{"href":"https:\/\/plazajuarez.mx\/historico\/wp-json\/wp\/v2\/types\/post"}],"author":[{"embeddable":true,"href":"https:\/\/plazajuarez.mx\/historico\/wp-json\/wp\/v2\/users\/93"}],"replies":[{"embeddable":true,"href":"https:\/\/plazajuarez.mx\/historico\/wp-json\/wp\/v2\/comments?post=23583"}],"version-history":[{"count":0,"href":"https:\/\/plazajuarez.mx\/historico\/wp-json\/wp\/v2\/posts\/23583\/revisions"}],"wp:attachment":[{"href":"https:\/\/plazajuarez.mx\/historico\/wp-json\/wp\/v2\/media?parent=23583"}],"wp:term":[{"taxonomy":"category","embeddable":true,"href":"https:\/\/plazajuarez.mx\/historico\/wp-json\/wp\/v2\/categories?post=23583"},{"taxonomy":"post_tag","embeddable":true,"href":"https:\/\/plazajuarez.mx\/historico\/wp-json\/wp\/v2\/tags?post=23583"}],"curies":[{"name":"wp","href":"https:\/\/api.w.org\/{rel}","templated":true}]}}