{"id":23582,"date":"2016-06-24T11:46:18","date_gmt":"2016-06-24T11:46:18","guid":{"rendered":"http:\/\/plazajuarez.mx\/index\/index.php\/2016\/06\/24\/morales-ira-a-berlin-para-recoger-piezas-arqueologicas\/"},"modified":"2016-06-24T11:46:18","modified_gmt":"2016-06-24T11:46:18","slug":"morales-ira-a-berlin-para-recoger-piezas-arqueologicas","status":"publish","type":"post","link":"https:\/\/plazajuarez.mx\/historico\/morales-ira-a-berlin-para-recoger-piezas-arqueologicas\/","title":{"rendered":"Morales ir\u00e1 a Berl\u00edn para recoger piezas arqueol\u00f3gicas"},"content":{"rendered":"<p>Peque\u00f1as vasijas de cer\u00e1mica, instrumentos para moler y tallas de rostros en piedra forman parte de las 22 piezas arqueol\u00f3gicas de las culturas inca y de Tiahuanaco recuperados por Bolivia en Alemania y expuestas desde ayer en su embajada berlinesa.<\/p>\n<p>  <!--more-->  <\/p>\n<p>Son objetos que guardaba en M\u00fanich (sur de Alemania) la familia del fot\u00f3grafo y explorador Hans Ertl, cuyo nieto, Tobias Wagnerberger, decidi\u00f3 devolver a su pa\u00eds de origen.<br \/>Todav\u00eda tienen que ser analizadas por arque\u00f3logos especialistas pero, como destaca en declaraciones a Efe el embajador boliviano en Alemania, Jorge C\u00e1rdenas, haberlas recuperado supone ya un hito.<br \/>\u201cEl valor es de recuperaci\u00f3n del legado de nuestro pasado que est\u00e1 andando por el mundo antes que en el lugar de origen, que es como deber\u00eda ser\u201d, explica.<br \/>Hans Ertl, explica C\u00e1rdenas, dej\u00f3 Alemania escapando de la Segunda Guerra Mundial y lleg\u00f3 a Bolivia, primero para hacer monta\u00f1ismo y despu\u00e9s, tras enamorarse del pa\u00eds, para pasar en \u00e9l la segunda parte de su vida descubriendo los Andes y la Amazon\u00eda. Muri\u00f3 en 2000 a los 92 a\u00f1os en San Jos\u00e9 de Chiquitos.<br \/>Tobias Wagnerberger es hijo de la hija menor de Hans Ertl, Heidi Ertl, la \u00fanica de la familia que regres\u00f3 a Alemania, y es \u00e9l quien decidi\u00f3 entregar las piezas que se guardaban en los dep\u00f3sitos del s\u00f3tano de su abuelo.<br \/>Hay objetos de metal, piedra y cer\u00e1mica, algunos con peque\u00f1as grietas o rotos; pero todas muestran y apoyan \u2014insiste el embajador\u2014 el valor de la recuperaci\u00f3n del patrimonio.<br \/>\u201cEl patrimonio es del lugar de donde se produce; nosotros afirmamos que estas piezas son bolivianas porque adem\u00e1s el abuelo en un documental muestra muchas de estas piezas en una de las expediciones en donde \u00e9l crey\u00f3 que era el Paititi\u201d, legendaria ciudad perdida escondida en las selvas de la Amazon\u00eda boliviana, a\u00f1ade.<br \/>En un acto organizado el martes pasado para celebrar el A\u00f1o Nuevo Andino 5.524, el presidente de Bolivia, Evo Morales, anunci\u00f3 que viajar\u00e1 a Alemania a recoger las piezas, una visita todav\u00eda sin planificar.<br \/>En la oportunidad, Morales tambi\u00e9n expres\u00f3 sus deseos de construir \u201cun gran museo\u201d para albergar las piezas arqueol\u00f3gicas que su pa\u00eds est\u00e1 recuperando lentamente en el \u00faltimo tiempo.<\/p>\n<p><\/p>\n","protected":false},"excerpt":{"rendered":"<p>Peque\u00f1as vasijas de cer\u00e1mica, instrumentos para moler y tallas de rostros en piedra forman parte de las 22 piezas arqueol\u00f3gicas de las culturas inca y de Tiahuanaco recuperados por Bolivia en Alemania y expuestas desde ayer en su embajada berlinesa.<\/p>\n","protected":false},"author":93,"featured_media":0,"comment_status":"open","ping_status":"open","sticky":false,"template":"","format":"standard","meta":{"footnotes":""},"categories":[41],"tags":[],"class_list":["post-23582","post","type-post","status-publish","format-standard","hentry","category-arteria-cultural"],"_links":{"self":[{"href":"https:\/\/plazajuarez.mx\/historico\/wp-json\/wp\/v2\/posts\/23582","targetHints":{"allow":["GET"]}}],"collection":[{"href":"https:\/\/plazajuarez.mx\/historico\/wp-json\/wp\/v2\/posts"}],"about":[{"href":"https:\/\/plazajuarez.mx\/historico\/wp-json\/wp\/v2\/types\/post"}],"author":[{"embeddable":true,"href":"https:\/\/plazajuarez.mx\/historico\/wp-json\/wp\/v2\/users\/93"}],"replies":[{"embeddable":true,"href":"https:\/\/plazajuarez.mx\/historico\/wp-json\/wp\/v2\/comments?post=23582"}],"version-history":[{"count":0,"href":"https:\/\/plazajuarez.mx\/historico\/wp-json\/wp\/v2\/posts\/23582\/revisions"}],"wp:attachment":[{"href":"https:\/\/plazajuarez.mx\/historico\/wp-json\/wp\/v2\/media?parent=23582"}],"wp:term":[{"taxonomy":"category","embeddable":true,"href":"https:\/\/plazajuarez.mx\/historico\/wp-json\/wp\/v2\/categories?post=23582"},{"taxonomy":"post_tag","embeddable":true,"href":"https:\/\/plazajuarez.mx\/historico\/wp-json\/wp\/v2\/tags?post=23582"}],"curies":[{"name":"wp","href":"https:\/\/api.w.org\/{rel}","templated":true}]}}