{"id":235809,"date":"2022-10-26T13:15:22","date_gmt":"2022-10-26T18:15:22","guid":{"rendered":"https:\/\/plazajuarez.mx\/?p=235809"},"modified":"2022-10-26T13:15:27","modified_gmt":"2022-10-26T18:15:27","slug":"zac_efron","status":"publish","type":"post","link":"https:\/\/plazajuarez.mx\/historico\/zac_efron\/","title":{"rendered":"Zac Efron aparece con cuerpo de Superman"},"content":{"rendered":"\n<p>Efron luci\u00f3 un f\u00edsico bien tonificado, adem\u00e1s de un corte de pelo estilo taz\u00f3n. La inesperada &#8220;transformaci\u00f3n&#8221; se debe a que se est\u00e1 preparando para dar vida al luchador estadounidense Kevin Von Erich en la cinta &#8220;Te Iron Claw&#8221;.<\/p>\n\n\n\n<p>En las im\u00e1genes se puede ver al famoso con la mitad del torso desnudo y una toalla que le cubre la parte inferior, lo que resalta sus fuertes pectorales, brazos y sus abdominales.<\/p>\n\n\n\n<p>La pel\u00edcula dirigida por el productor canadiense, Sean Durkin\u2019s , sigue a los Van Erich, una familia que ayudo a que el deporte de la lucha libre profesional se estableciera, sin embargo, a\u00fan se sabe pocos detalles de la trama.<\/p>\n\n\n\n<p>Recordemos que no es la primera vez que Efron se somete a una transformaci\u00f3n corporal, pues en el 2017 tambi\u00e9n modific\u00f3 su cuerpo para hacer un papel en la comedia &#8220;Baywatch&#8221;, situaci\u00f3n que \u00e9l denomin\u00f3 como un proceso insano.<\/p>\n\n\n\n<p>&#8220;Empec\u00e9 a desarrollar insomnio, y ca\u00ed en una depresi\u00f3n bastante mala, durante mucho tiempo. Algo de esa experiencia me quem\u00f3. Me cost\u00f3 mucho volver a centrarme. Ese aspecto de Baywatch, no s\u00e9 si es realmente alcanzable&#8221;, expres\u00f3 a &#8220;Men&#8217;s Health&#8221;.<\/p>\n\n\n\n<p>Adem\u00e1s tambi\u00e9n cont\u00f3, hace algunos meses, que para su personaje necesitaba tomar potentes diur\u00e9ticos o tambi\u00e9n llamadas p\u00edldoras de agua que ayudan a eliminar la sal del cuerpo.<\/p>\n\n\n\n<p>&#8220;Prefiero tener un extra, ya sabes, 2 \u00f3 3 por ciento m\u00e1s de grasa corporal&#8221;.<\/p>\n","protected":false},"excerpt":{"rendered":"<p>Efron luci\u00f3 un f\u00edsico bien tonificado, adem\u00e1s de un corte de pelo estilo taz\u00f3n. La inesperada &#8220;transformaci\u00f3n&#8221; se debe a que se est\u00e1 preparando para dar vida al luchador estadounidense Kevin Von Erich en la cinta &#8220;Te Iron Claw&#8221;. En las im\u00e1genes se puede ver al famoso con la mitad del torso desnudo y una [&hellip;]<\/p>\n","protected":false},"author":81,"featured_media":235810,"comment_status":"closed","ping_status":"closed","sticky":false,"template":"","format":"standard","meta":{"footnotes":""},"categories":[38],"tags":[],"class_list":["post-235809","post","type-post","status-publish","format-standard","has-post-thumbnail","hentry","category-show"],"_links":{"self":[{"href":"https:\/\/plazajuarez.mx\/historico\/wp-json\/wp\/v2\/posts\/235809","targetHints":{"allow":["GET"]}}],"collection":[{"href":"https:\/\/plazajuarez.mx\/historico\/wp-json\/wp\/v2\/posts"}],"about":[{"href":"https:\/\/plazajuarez.mx\/historico\/wp-json\/wp\/v2\/types\/post"}],"author":[{"embeddable":true,"href":"https:\/\/plazajuarez.mx\/historico\/wp-json\/wp\/v2\/users\/81"}],"replies":[{"embeddable":true,"href":"https:\/\/plazajuarez.mx\/historico\/wp-json\/wp\/v2\/comments?post=235809"}],"version-history":[{"count":0,"href":"https:\/\/plazajuarez.mx\/historico\/wp-json\/wp\/v2\/posts\/235809\/revisions"}],"wp:featuredmedia":[{"embeddable":true,"href":"https:\/\/plazajuarez.mx\/historico\/wp-json\/wp\/v2\/media\/235810"}],"wp:attachment":[{"href":"https:\/\/plazajuarez.mx\/historico\/wp-json\/wp\/v2\/media?parent=235809"}],"wp:term":[{"taxonomy":"category","embeddable":true,"href":"https:\/\/plazajuarez.mx\/historico\/wp-json\/wp\/v2\/categories?post=235809"},{"taxonomy":"post_tag","embeddable":true,"href":"https:\/\/plazajuarez.mx\/historico\/wp-json\/wp\/v2\/tags?post=235809"}],"curies":[{"name":"wp","href":"https:\/\/api.w.org\/{rel}","templated":true}]}}