{"id":235806,"date":"2022-10-26T13:07:11","date_gmt":"2022-10-26T18:07:11","guid":{"rendered":"https:\/\/plazajuarez.mx\/?p=235806"},"modified":"2022-10-26T13:07:17","modified_gmt":"2022-10-26T18:07:17","slug":"mexico_sepostula","status":"publish","type":"post","link":"https:\/\/plazajuarez.mx\/historico\/mexico_sepostula\/","title":{"rendered":"\u00bfM\u00e9xico se postula para ser sede de JO?"},"content":{"rendered":"\n<p> A falta de hacerse oficial por las autoridades este mi\u00e9rcoles M\u00e9xico anunciar\u00e1 su postulaci\u00f3n para ser sede de los Juegos Ol\u00edmpicos. El evento ser\u00e1 encabezado por Marcelo Ebrard, secretario de Relaciones Exteriores y Mar\u00eda Jos\u00e9 Alcal\u00e1, presidenta del Comit\u00e9 Ol\u00edmpico Internacional.<\/p>\n\n\n\n<p>Hasta el momento se desconoce para qu\u00e9 edici\u00f3n de la justa veraniega se har\u00e1 la postulaci\u00f3n de M\u00e9xico. Ebrard en distintos eventos ha indicado que ser\u00eda para la de 2036 o 2040, hoy se conocer\u00e1 la fecha exacta.<\/p>\n\n\n\n<p>Desde mediados del 2022 tanto Ebrard como Alcal\u00e1 revelaron que M\u00e9xico estaba interesado en volver a ser sede de los Juegos Ol\u00edmpicos, asegurando que se cuenta con la infraestructura necesaria.<\/p>\n\n\n\n<p>Sin embargo, hace unas semanas Ana Gabriela Guevara, directora de la Conade, contradijo al Comit\u00e9 Ol\u00edmpico Mexicano y al canciller, porque declar\u00f3 que no consideraba viable albergar los Juegos Ol\u00edmpicos tomando en cuenta experiencias pasadas, puso como ejemplo los Juegos Panamericanos de Guadalajara 2011 y Juegos Centroamericanos y del Caribe de Veracruz 2014, donde los Estados hicieron una gran inversi\u00f3n, pero se presentaron irregularidades y como consecuencia endeudamientos.<\/p>\n","protected":false},"excerpt":{"rendered":"<p>A falta de hacerse oficial por las autoridades este mi\u00e9rcoles M\u00e9xico anunciar\u00e1 su postulaci\u00f3n para ser sede de los Juegos Ol\u00edmpicos. El evento ser\u00e1 encabezado por Marcelo Ebrard, secretario de Relaciones Exteriores y Mar\u00eda Jos\u00e9 Alcal\u00e1, presidenta del Comit\u00e9 Ol\u00edmpico Internacional. Hasta el momento se desconoce para qu\u00e9 edici\u00f3n de la justa veraniega se har\u00e1 [&hellip;]<\/p>\n","protected":false},"author":81,"featured_media":235807,"comment_status":"closed","ping_status":"closed","sticky":false,"template":"","format":"standard","meta":{"footnotes":""},"categories":[39,36],"tags":[],"class_list":["post-235806","post","type-post","status-publish","format-standard","has-post-thumbnail","hentry","category-deportiva","category-nacion"],"_links":{"self":[{"href":"https:\/\/plazajuarez.mx\/historico\/wp-json\/wp\/v2\/posts\/235806","targetHints":{"allow":["GET"]}}],"collection":[{"href":"https:\/\/plazajuarez.mx\/historico\/wp-json\/wp\/v2\/posts"}],"about":[{"href":"https:\/\/plazajuarez.mx\/historico\/wp-json\/wp\/v2\/types\/post"}],"author":[{"embeddable":true,"href":"https:\/\/plazajuarez.mx\/historico\/wp-json\/wp\/v2\/users\/81"}],"replies":[{"embeddable":true,"href":"https:\/\/plazajuarez.mx\/historico\/wp-json\/wp\/v2\/comments?post=235806"}],"version-history":[{"count":0,"href":"https:\/\/plazajuarez.mx\/historico\/wp-json\/wp\/v2\/posts\/235806\/revisions"}],"wp:featuredmedia":[{"embeddable":true,"href":"https:\/\/plazajuarez.mx\/historico\/wp-json\/wp\/v2\/media\/235807"}],"wp:attachment":[{"href":"https:\/\/plazajuarez.mx\/historico\/wp-json\/wp\/v2\/media?parent=235806"}],"wp:term":[{"taxonomy":"category","embeddable":true,"href":"https:\/\/plazajuarez.mx\/historico\/wp-json\/wp\/v2\/categories?post=235806"},{"taxonomy":"post_tag","embeddable":true,"href":"https:\/\/plazajuarez.mx\/historico\/wp-json\/wp\/v2\/tags?post=235806"}],"curies":[{"name":"wp","href":"https:\/\/api.w.org\/{rel}","templated":true}]}}