{"id":23580,"date":"2016-06-24T11:43:36","date_gmt":"2016-06-24T11:43:36","guid":{"rendered":"http:\/\/plazajuarez.mx\/index\/index.php\/2016\/06\/24\/muy-buena-noticia-dialogo-cnte-sg-nuno\/"},"modified":"2016-06-24T11:43:36","modified_gmt":"2016-06-24T11:43:36","slug":"muy-buena-noticia-dialogo-cnte-sg-nuno","status":"publish","type":"post","link":"https:\/\/plazajuarez.mx\/historico\/muy-buena-noticia-dialogo-cnte-sg-nuno\/","title":{"rendered":"\u201cMuy buena noticia\u201d, di\u00e1logo CNTE-SG: Nu\u00f1o"},"content":{"rendered":"<p>Primera declaraci\u00f3n del NO invitado<br \/>\u25cf\u00a0\u00a0\u00a0 \u201cCoadyuvar\u00e1 para que este primer paso pueda continuar\u201d<\/p>\n<p>  <!--more-->  <\/p>\n<p>El secretario de Educaci\u00f3n P\u00fablica, Aurelio Nu\u00f1o Mayer, afirm\u00f3 que la reuni\u00f3n del mi\u00e9rcoles entre la Coordinadora Nacional de Trabajadores de la Educaci\u00f3n (CNTE) y la Secretar\u00eda de Gobernaci\u00f3n es una &#8220;muy buena noticia&#8221;, y asegur\u00f3 que desde el \u00e1mbito de sus atribuciones estar\u00e1 &#8220;coadyuvando en lo que sea necesario para que este primer paso pueda continuar y se pueda encontrar una salida a este conflicto&#8221;.<br \/>En un breve pronunciamiento sobre la primera mesa de di\u00e1logo, durante la instalaci\u00f3n de los trabajos de la Junta de Gobierno del Instituto Nacional para la Educaci\u00f3n de los Adultos (INEA), reiter\u00f3 que es una &#8220;muy buena noticia que el d\u00eda de ayer se haya podido entablar este primer di\u00e1logo, que se haya logrado este acercamiento entre ambas partes&#8221;.<br \/>Nos parece, dijo, que fue un buen primer encuentro que da una ruta que nos pueda llevar a que este conflicto se solucione.<br \/>Desde la SEP, enfatiz\u00f3, ante la presencia del secretario de Desarrollo Social, Jos\u00e9 Antonio Meade, que &#8220;desde las atribuciones que tenemos estaremos muy pendientes dando seguimiento a los pr\u00f3ximos acontecimientos&#8221;.<br \/>Tras concluir los mensajes de los funcionarios federales en los que se destac\u00f3 la importancia de abatir el rezago educativo, continu\u00f3 la sesi\u00f3n a puerta cerrada.<\/p>\n","protected":false},"excerpt":{"rendered":"<p>Primera declaraci\u00f3n del NO invitado\u25cf\u00a0\u00a0\u00a0 \u201cCoadyuvar\u00e1 para que este primer paso pueda continuar\u201d<\/p>\n","protected":false},"author":93,"featured_media":0,"comment_status":"open","ping_status":"open","sticky":false,"template":"","format":"standard","meta":{"footnotes":""},"categories":[36],"tags":[],"class_list":["post-23580","post","type-post","status-publish","format-standard","hentry","category-nacion"],"_links":{"self":[{"href":"https:\/\/plazajuarez.mx\/historico\/wp-json\/wp\/v2\/posts\/23580","targetHints":{"allow":["GET"]}}],"collection":[{"href":"https:\/\/plazajuarez.mx\/historico\/wp-json\/wp\/v2\/posts"}],"about":[{"href":"https:\/\/plazajuarez.mx\/historico\/wp-json\/wp\/v2\/types\/post"}],"author":[{"embeddable":true,"href":"https:\/\/plazajuarez.mx\/historico\/wp-json\/wp\/v2\/users\/93"}],"replies":[{"embeddable":true,"href":"https:\/\/plazajuarez.mx\/historico\/wp-json\/wp\/v2\/comments?post=23580"}],"version-history":[{"count":0,"href":"https:\/\/plazajuarez.mx\/historico\/wp-json\/wp\/v2\/posts\/23580\/revisions"}],"wp:attachment":[{"href":"https:\/\/plazajuarez.mx\/historico\/wp-json\/wp\/v2\/media?parent=23580"}],"wp:term":[{"taxonomy":"category","embeddable":true,"href":"https:\/\/plazajuarez.mx\/historico\/wp-json\/wp\/v2\/categories?post=23580"},{"taxonomy":"post_tag","embeddable":true,"href":"https:\/\/plazajuarez.mx\/historico\/wp-json\/wp\/v2\/tags?post=23580"}],"curies":[{"name":"wp","href":"https:\/\/api.w.org\/{rel}","templated":true}]}}